{"id":644,"date":"2023-03-16T09:41:23","date_gmt":"2023-03-16T09:41:23","guid":{"rendered":"http:\/\/maestrazgo.org\/leader\/?p=644"},"modified":"2023-03-16T09:41:23","modified_gmt":"2023-03-16T09:41:23","slug":"comienza-en-gudar-javalambre-y-maestrazgo-la-recogida-de-ideas-para-el-nuevo-periodo-de-ayudas-europeas","status":"publish","type":"post","link":"https:\/\/maestrazgo.org\/leader\/2023\/03\/16\/comienza-en-gudar-javalambre-y-maestrazgo-la-recogida-de-ideas-para-el-nuevo-periodo-de-ayudas-europeas\/","title":{"rendered":"Comienza en G\u00fadar-Javalambre y Maestrazgo la recogida de ideas para el nuevo periodo de ayudas europeas."},"content":{"rendered":"\n<p>Tras la publicaci\u00f3n de las principales normas europeas y del Plan Estrat\u00e9gico Nacional de la PAC por el Ministerio, se abre en nuestra comunidad aut\u00f3noma un periodo de recogida de propuestas e ideas para el medio rural de Arag\u00f3n necesario para que puedan llegar los fondos previstos a nuestros pueblos.<br>Una peque\u00f1a parte de esa financiaci\u00f3n se seguir\u00e1 gestionando desde los Grupos de Desarrollo LEADER, unas asociaciones comarcales que ayudan a empresas y ayuntamientos a acceder a esos fondos de forma directa (concediendo subvenciones por las inversiones que realicen) o de forma<br>indirecta (facilitando y acompa\u00f1ando a sus asociados para que puedan acceder a esos fondos o simplemente prestando apoyo administrativo).<br>G\u00fadar-Javalambre y Maestrazgo Asociaci\u00f3n de Desarrollo \u2013AGUJAMA-, es la asociaci\u00f3n gestora de los fondos desde 2003 en estas comarcas, y es la encargada de realizar ese proceso participativo en la zona recogiendo las inquietudes y necesidades de la poblaci\u00f3n y redactando despu\u00e9s un documento de planificaci\u00f3n llamado Estrategia de Desarrollo Territorial (EDT). Los procesos participativos se realizan una vez cada seis o siete a\u00f1os, por lo que es importante aportar todas las ideas posibles que habr\u00e1n de estar vigentes durante ese tiempo. En este periodo 2023-2027 la novedad es que se quiere realizar un documento consensuado con las dos comarcas respectivas, de forma que sirva de gu\u00eda de trabajo y de inversiones para esas tres entidades que trabajan sobre el mismo territorio (Comarca de G\u00fadar-Javalambre, Comarca del Maestrazgo y AGUJAMA).<br>En las celebraciones del D\u00eda de la Mujer del pasado 8 de Marzo ya se inici\u00f3 el proceso de recogida de ideas con ese colectivo, el cual est\u00e1 ahora accesible a toda la poblaci\u00f3n a trav\u00e9s de la publicaci\u00f3n de un breve cuestionario telem\u00e1tico muy abierto a la creatividad y reivindicaciones<br>de la poblaci\u00f3n. Despu\u00e9s de la recogida de ideas vendr\u00e1n algunas reuniones presenciales de priorizaci\u00f3n de todas las iniciativas surgidas, con algunas sorpresas que las entidades tienen previstas para hacer m\u00e1s amenas e interesantes las sesiones.<br>Aunque la coyuntura econ\u00f3mica actual ha mermado en el entorno rural la capacidad inversora de las empresas, se detecta que es necesario seguir ayudando a los peque\u00f1os aut\u00f3nomos y empresas familiares, tanto en inversiones materiales como inmateriales, con el objetivo b\u00e1sico de mantener primero y crear despu\u00e9s puestos de trabajo en los pueblos de nuestra provincia.<\/p>\n\n\n\n<h3 class=\"has-text-align-center wp-block-heading\"><a href=\"https:\/\/forms.gle\/t32tuq6dMZgiwaxA7\"><strong>Puedes participar completando el primer formulario aqu\u00ed<\/strong><\/a><\/h3>\n","protected":false},"excerpt":{"rendered":"<p>Tras la publicaci\u00f3n de las principales normas europeas y del Plan Estrat\u00e9gico Nacional de la PAC por el Ministerio, se abre en nuestra comunidad aut\u00f3noma un periodo de recogida de propuestas e ideas para el medio rural de Arag\u00f3n necesario para que puedan llegar los fondos previstos a nuestros pueblos.Una peque\u00f1a parte de esa financiaci\u00f3n &hellip; <a href=\"https:\/\/maestrazgo.org\/leader\/2023\/03\/16\/comienza-en-gudar-javalambre-y-maestrazgo-la-recogida-de-ideas-para-el-nuevo-periodo-de-ayudas-europeas\/\" class=\"more-link\">Seguir leyendo <span class=\"screen-reader-text\">Comienza en G\u00fadar-Javalambre y Maestrazgo la recogida de ideas para el nuevo periodo de ayudas europeas.<\/span><\/a><\/p>\n","protected":false},"author":3,"featured_media":645,"comment_status":"open","ping_status":"open","sticky":false,"template":"","format":"standard","meta":{"om_disable_all_campaigns":false,"_monsterinsights_skip_tracking":false,"_monsterinsights_sitenote_active":false,"_monsterinsights_sitenote_note":"","_monsterinsights_sitenote_category":0,"footnotes":""},"categories":[1],"tags":[],"aioseo_notices":[],"_links":{"self":[{"href":"https:\/\/maestrazgo.org\/leader\/wp-json\/wp\/v2\/posts\/644"}],"collection":[{"href":"https:\/\/maestrazgo.org\/leader\/wp-json\/wp\/v2\/posts"}],"about":[{"href":"https:\/\/maestrazgo.org\/leader\/wp-json\/wp\/v2\/types\/post"}],"author":[{"embeddable":true,"href":"https:\/\/maestrazgo.org\/leader\/wp-json\/wp\/v2\/users\/3"}],"replies":[{"embeddable":true,"href":"https:\/\/maestrazgo.org\/leader\/wp-json\/wp\/v2\/comments?post=644"}],"version-history":[{"count":1,"href":"https:\/\/maestrazgo.org\/leader\/wp-json\/wp\/v2\/posts\/644\/revisions"}],"predecessor-version":[{"id":646,"href":"https:\/\/maestrazgo.org\/leader\/wp-json\/wp\/v2\/posts\/644\/revisions\/646"}],"wp:featuredmedia":[{"embeddable":true,"href":"https:\/\/maestrazgo.org\/leader\/wp-json\/wp\/v2\/media\/645"}],"wp:attachment":[{"href":"https:\/\/maestrazgo.org\/leader\/wp-json\/wp\/v2\/media?parent=644"}],"wp:term":[{"taxonomy":"category","embeddable":true,"href":"https:\/\/maestrazgo.org\/leader\/wp-json\/wp\/v2\/categories?post=644"},{"taxonomy":"post_tag","embeddable":true,"href":"https:\/\/maestrazgo.org\/leader\/wp-json\/wp\/v2\/tags?post=644"}],"curies":[{"name":"wp","href":"https:\/\/api.w.org\/{rel}","templated":true}]}}