{"id":573,"date":"2021-10-08T07:25:51","date_gmt":"2021-10-08T07:25:51","guid":{"rendered":"http:\/\/maestrazgo.org\/leader\/?p=573"},"modified":"2021-10-08T07:25:51","modified_gmt":"2021-10-08T07:25:51","slug":"agujama-contrata-una-persona-gracias-a-el-programa-de-garantia-juvenil","status":"publish","type":"post","link":"https:\/\/maestrazgo.org\/leader\/2021\/10\/08\/agujama-contrata-una-persona-gracias-a-el-programa-de-garantia-juvenil\/","title":{"rendered":"AGUJAMA contrata una persona gracias a el programa de Garant\u00eda Juvenil"},"content":{"rendered":"\n<p>En la actualidad, los ODS se han tornado como un elemento imprescindible para poder alcanzar objetivos de desarrollo sostenible necesarios, en el marco de los retos globales y locales. Estos objetivos conformados por Naciones Unidas, forma parte de la agenda prioritaria de las diferentes administraciones p\u00fablicas, empresas y colectivos sociales y econ\u00f3micos a todos los niveles, y es una de las piezas clave que marcan la agenda social y econ\u00f3mica para los pr\u00f3ximos a\u00f1os.<\/p>\n\n\n\n<p>En particular, las l\u00edneas maestras de la Uni\u00f3n Europea van a estar encaminadas a promover un continente europeo innovador para luchar contra el cambio clim\u00e1tico, los nuevos sistemas de eficiencia energ\u00e9tica, protecci\u00f3n de la biodiversidad y promover un nuevo modelo de desarrollo rural sostenible que provoque que el medio rural sea un espacio de oportunidades compatibles con la lucha y defensa de la biodiversidad y de los principios generales emanados de los ODS.<\/p>\n\n\n\n<p>Por ello desde AGUJAMA se solicit\u00f3 la convocatoria de Garant\u00eda Juvenil para contar en su equipo con una persona de esta obra y servicio de car\u00e1cter no lucrativo, desarrollar diferentes iniciativas de desarrollo rural sostenible a partir del conocimiento de los ODS por parte de la sociedad rural<\/p>\n\n\n\n<p>En concreto, se van a desarrollar diferentes campa\u00f1as locales de comunicaci\u00f3n de los ODS, asesoramiento t\u00e9cnico en materia de comunicaci\u00f3n, puesta en valor del emprendimiento local asociado a los ODS y diferentes acciones de asesoramiento a emprendedores en materia de desarrollo rural sostenible.<\/p>\n\n\n\n<p>Desde mediados del mes de septiembre, David Galindo ha sido la persona beneficiaria de esta convocatoria y se encuentra desarrollando la labor en la ADEMA, la oficina f\u00edsica de la entidad tiene en Molinos.<\/p>\n\n\n\n<p>La realizaci\u00f3n de este proyecto ha sido posible por el impulso de nuestra asociaci\u00f3n y gracias a la cofinanciaci\u00f3n del programa del plan de empleo de garant\u00eda juvenil del Fondo Social Europeo y el Departamento de Econom\u00eda, Industria y Empleo del Gobierno de Arag\u00f3n (INAEM).<\/p>\n\n\n\n<figure class=\"wp-block-image size-large\"><img loading=\"lazy\" decoding=\"async\" width=\"1024\" height=\"768\" src=\"http:\/\/maestrazgo.org\/leader\/wp-content\/uploads\/2021\/10\/DAVID-GARANTIA-JUVENIL-AGUJAMA-2021-2022-3-1024x768.jpeg\" alt=\"\" class=\"wp-image-574\" srcset=\"https:\/\/maestrazgo.org\/leader\/wp-content\/uploads\/2021\/10\/DAVID-GARANTIA-JUVENIL-AGUJAMA-2021-2022-3-1024x768.jpeg 1024w, https:\/\/maestrazgo.org\/leader\/wp-content\/uploads\/2021\/10\/DAVID-GARANTIA-JUVENIL-AGUJAMA-2021-2022-3-300x225.jpeg 300w, https:\/\/maestrazgo.org\/leader\/wp-content\/uploads\/2021\/10\/DAVID-GARANTIA-JUVENIL-AGUJAMA-2021-2022-3-768x576.jpeg 768w, https:\/\/maestrazgo.org\/leader\/wp-content\/uploads\/2021\/10\/DAVID-GARANTIA-JUVENIL-AGUJAMA-2021-2022-3-1536x1153.jpeg 1536w, https:\/\/maestrazgo.org\/leader\/wp-content\/uploads\/2021\/10\/DAVID-GARANTIA-JUVENIL-AGUJAMA-2021-2022-3-506x380.jpeg 506w, https:\/\/maestrazgo.org\/leader\/wp-content\/uploads\/2021\/10\/DAVID-GARANTIA-JUVENIL-AGUJAMA-2021-2022-3.jpeg 1599w\" sizes=\"(max-width: 1024px) 100vw, 1024px\" \/><\/figure>\n","protected":false},"excerpt":{"rendered":"<p>En la actualidad, los ODS se han tornado como un elemento imprescindible para poder alcanzar objetivos de desarrollo sostenible necesarios, en el marco de los retos globales y locales. Estos objetivos conformados por Naciones Unidas, forma parte de la agenda prioritaria de las diferentes administraciones p\u00fablicas, empresas y colectivos sociales y econ\u00f3micos a todos los &hellip; <a href=\"https:\/\/maestrazgo.org\/leader\/2021\/10\/08\/agujama-contrata-una-persona-gracias-a-el-programa-de-garantia-juvenil\/\" class=\"more-link\">Seguir leyendo <span class=\"screen-reader-text\">AGUJAMA contrata una persona gracias a el programa de Garant\u00eda Juvenil<\/span><\/a><\/p>\n","protected":false},"author":3,"featured_media":0,"comment_status":"open","ping_status":"open","sticky":false,"template":"","format":"standard","meta":{"om_disable_all_campaigns":false,"_monsterinsights_skip_tracking":false,"_monsterinsights_sitenote_active":false,"_monsterinsights_sitenote_note":"","_monsterinsights_sitenote_category":0,"footnotes":""},"categories":[1],"tags":[],"aioseo_notices":[],"_links":{"self":[{"href":"https:\/\/maestrazgo.org\/leader\/wp-json\/wp\/v2\/posts\/573"}],"collection":[{"href":"https:\/\/maestrazgo.org\/leader\/wp-json\/wp\/v2\/posts"}],"about":[{"href":"https:\/\/maestrazgo.org\/leader\/wp-json\/wp\/v2\/types\/post"}],"author":[{"embeddable":true,"href":"https:\/\/maestrazgo.org\/leader\/wp-json\/wp\/v2\/users\/3"}],"replies":[{"embeddable":true,"href":"https:\/\/maestrazgo.org\/leader\/wp-json\/wp\/v2\/comments?post=573"}],"version-history":[{"count":1,"href":"https:\/\/maestrazgo.org\/leader\/wp-json\/wp\/v2\/posts\/573\/revisions"}],"predecessor-version":[{"id":575,"href":"https:\/\/maestrazgo.org\/leader\/wp-json\/wp\/v2\/posts\/573\/revisions\/575"}],"wp:attachment":[{"href":"https:\/\/maestrazgo.org\/leader\/wp-json\/wp\/v2\/media?parent=573"}],"wp:term":[{"taxonomy":"category","embeddable":true,"href":"https:\/\/maestrazgo.org\/leader\/wp-json\/wp\/v2\/categories?post=573"},{"taxonomy":"post_tag","embeddable":true,"href":"https:\/\/maestrazgo.org\/leader\/wp-json\/wp\/v2\/tags?post=573"}],"curies":[{"name":"wp","href":"https:\/\/api.w.org\/{rel}","templated":true}]}}