{"id":552,"date":"2021-09-27T08:41:39","date_gmt":"2021-09-27T08:41:39","guid":{"rendered":"http:\/\/maestrazgo.org\/leader\/?p=552"},"modified":"2021-09-27T08:41:39","modified_gmt":"2021-09-27T08:41:39","slug":"sempiterna-presenta-la-exposicion-seda-en-mantones-y-panuelos-en-iglesuela-del-cid","status":"publish","type":"post","link":"https:\/\/maestrazgo.org\/leader\/2021\/09\/27\/sempiterna-presenta-la-exposicion-seda-en-mantones-y-panuelos-en-iglesuela-del-cid\/","title":{"rendered":"SEMPITERNA PRESENTA LA EXPOSICI\u00d3N SEDA EN MANTONES Y PA\u00d1UELOS EN IGLESUELA DEL CID"},"content":{"rendered":"\n<p><strong>&#8211; ADEMA satisfechos con la acogida de la actividad en la Iglesuela del Cid<\/strong><\/p>\n\n\n\n<p><strong>&#8211; Mantones y pa\u00f1uelos de seda, un tesoro de nuestra indumentaria tradicional.<\/strong><\/p>\n\n\n\n<p><strong>Molinos, 27 de Septiembre de 2021.<\/strong>\u00a0La Asociaci\u00f3n para el desarrollo del Maestrazgo (ADEMA) arranco el pasado viernes el ciclo de actividades culturales, bajo el nombre de \u201cCultura desde las alturas\u201d. La primera de las actividades tuvo lugar en La Iglesuela del Cid a cargo de la asociaci\u00f3n de indumentaria tradicional Sempiterna.<br>Esta asociaci\u00f3n viene desarrollando su labor en el municipio de Valdealgorfa donde tienen la exposici\u00f3n permanente de indumentaria, en esta ocasi\u00f3n quisieron acercar a los presentes la evoluci\u00f3n de la seda en los diferentes mantones y pa\u00f1uelos.<br>Para ello hicieron un recorrido por los diferentes tipos de mantones, granadinas, isabelinos, de groc, adamascados, de manila\u2026.etc. Acercando diferentes piezas de cada uno de los estilos entre los asistentes.<br>Algunas de las muestras llamaron mucho la atenci\u00f3n, como son los mantones bordados con caras de marfil entre las representaciones, una joya de trabajo. Estas piezas son una peque\u00f1a muestra de las joyas que recogen en su centro de indumentaria tradicional de Valdealgorfa.<br>Los vecinos de Iglesuela pudieron tocar y apreciar estas joyas, al mismo tiempo que intercambiaban opiniones sobre posibles mantones o pa\u00f1uelos similares que guardan en sus casas.<br>Desde ADEMA han agradecido el inter\u00e9s y la participaci\u00f3n, as\u00ed como la colaboraci\u00f3n recibida por parte del Ayuntamiento de La Iglesuela del Cid. El ciclo de actividades se reanudar\u00e1 el pr\u00f3ximo viernes 8 de Octubre con una actividad en la localidad de Villarroya de los Pinares.<\/p>\n\n\n\n<p>Para mas informaci\u00f3n contactar con:<\/p>\n\n\n\n<p>Jorge Abril Coordinaci\u00f3n@maestrazgo.org<\/p>\n\n\n\n<p>Lorena Sales caire@maestrazgo.org<\/p>\n\n\n\n<figure class=\"wp-block-image size-large\"><img loading=\"lazy\" decoding=\"async\" width=\"768\" height=\"1024\" src=\"http:\/\/maestrazgo.org\/leader\/wp-content\/uploads\/2021\/09\/Indumentaria-tradicional-actividad-1-Cultura-desde-las-alturas-Iglesuela-3-768x1024.jpg\" alt=\"\" class=\"wp-image-551\" srcset=\"https:\/\/maestrazgo.org\/leader\/wp-content\/uploads\/2021\/09\/Indumentaria-tradicional-actividad-1-Cultura-desde-las-alturas-Iglesuela-3-768x1024.jpg 768w, https:\/\/maestrazgo.org\/leader\/wp-content\/uploads\/2021\/09\/Indumentaria-tradicional-actividad-1-Cultura-desde-las-alturas-Iglesuela-3-225x300.jpg 225w, https:\/\/maestrazgo.org\/leader\/wp-content\/uploads\/2021\/09\/Indumentaria-tradicional-actividad-1-Cultura-desde-las-alturas-Iglesuela-3-1152x1536.jpg 1152w, https:\/\/maestrazgo.org\/leader\/wp-content\/uploads\/2021\/09\/Indumentaria-tradicional-actividad-1-Cultura-desde-las-alturas-Iglesuela-3-1536x2048.jpg 1536w, https:\/\/maestrazgo.org\/leader\/wp-content\/uploads\/2021\/09\/Indumentaria-tradicional-actividad-1-Cultura-desde-las-alturas-Iglesuela-3-285x380.jpg 285w, https:\/\/maestrazgo.org\/leader\/wp-content\/uploads\/2021\/09\/Indumentaria-tradicional-actividad-1-Cultura-desde-las-alturas-Iglesuela-3-scaled.jpg 1920w\" sizes=\"(max-width: 768px) 100vw, 768px\" \/><\/figure>\n","protected":false},"excerpt":{"rendered":"<p>&#8211; ADEMA satisfechos con la acogida de la actividad en la Iglesuela del Cid &#8211; Mantones y pa\u00f1uelos de seda, un tesoro de nuestra indumentaria tradicional. Molinos, 27 de Septiembre de 2021.\u00a0La Asociaci\u00f3n para el desarrollo del Maestrazgo (ADEMA) arranco el pasado viernes el ciclo de actividades culturales, bajo el nombre de \u201cCultura desde las &hellip; <a href=\"https:\/\/maestrazgo.org\/leader\/2021\/09\/27\/sempiterna-presenta-la-exposicion-seda-en-mantones-y-panuelos-en-iglesuela-del-cid\/\" class=\"more-link\">Seguir leyendo <span class=\"screen-reader-text\">SEMPITERNA PRESENTA LA EXPOSICI\u00d3N SEDA EN MANTONES Y PA\u00d1UELOS EN IGLESUELA DEL CID<\/span><\/a><\/p>\n","protected":false},"author":3,"featured_media":550,"comment_status":"open","ping_status":"open","sticky":false,"template":"","format":"standard","meta":{"om_disable_all_campaigns":false,"_monsterinsights_skip_tracking":false,"_monsterinsights_sitenote_active":false,"_monsterinsights_sitenote_note":"","_monsterinsights_sitenote_category":0,"footnotes":""},"categories":[1],"tags":[],"aioseo_notices":[],"_links":{"self":[{"href":"https:\/\/maestrazgo.org\/leader\/wp-json\/wp\/v2\/posts\/552"}],"collection":[{"href":"https:\/\/maestrazgo.org\/leader\/wp-json\/wp\/v2\/posts"}],"about":[{"href":"https:\/\/maestrazgo.org\/leader\/wp-json\/wp\/v2\/types\/post"}],"author":[{"embeddable":true,"href":"https:\/\/maestrazgo.org\/leader\/wp-json\/wp\/v2\/users\/3"}],"replies":[{"embeddable":true,"href":"https:\/\/maestrazgo.org\/leader\/wp-json\/wp\/v2\/comments?post=552"}],"version-history":[{"count":2,"href":"https:\/\/maestrazgo.org\/leader\/wp-json\/wp\/v2\/posts\/552\/revisions"}],"predecessor-version":[{"id":554,"href":"https:\/\/maestrazgo.org\/leader\/wp-json\/wp\/v2\/posts\/552\/revisions\/554"}],"wp:featuredmedia":[{"embeddable":true,"href":"https:\/\/maestrazgo.org\/leader\/wp-json\/wp\/v2\/media\/550"}],"wp:attachment":[{"href":"https:\/\/maestrazgo.org\/leader\/wp-json\/wp\/v2\/media?parent=552"}],"wp:term":[{"taxonomy":"category","embeddable":true,"href":"https:\/\/maestrazgo.org\/leader\/wp-json\/wp\/v2\/categories?post=552"},{"taxonomy":"post_tag","embeddable":true,"href":"https:\/\/maestrazgo.org\/leader\/wp-json\/wp\/v2\/tags?post=552"}],"curies":[{"name":"wp","href":"https:\/\/api.w.org\/{rel}","templated":true}]}}