{"id":543,"date":"2021-09-23T07:27:50","date_gmt":"2021-09-23T07:27:50","guid":{"rendered":"http:\/\/maestrazgo.org\/leader\/?p=543"},"modified":"2021-09-23T07:27:50","modified_gmt":"2021-09-23T07:27:50","slug":"masias-pasado-presente-y-futuro","status":"publish","type":"post","link":"https:\/\/maestrazgo.org\/leader\/2021\/09\/23\/masias-pasado-presente-y-futuro\/","title":{"rendered":"Mas\u00edas pasado, presente y futuro"},"content":{"rendered":"\n<p><strong>-Apertura de las actividades culturales en el Maestrazgo, Cultura desde las alturas.<\/strong><\/p>\n\n\n\n<p><strong>-La Iglesuela del Cid acoge la primera de las actividades de \u201cCultura desde las alturas\u201d financiada por el Direcci\u00f3n General de Ordenaci\u00f3n del Territorio<\/strong><\/p>\n\n\n\n<p><strong>Molinos, 23 de Septiembre de 2021. <\/strong>El 24 de Septiembre arranca el ciclo \u201cCultura desde las alturas\u201d el sal\u00f3n de actos del ayuntamiento de La Iglesuela del Cid acoger\u00e1 la primera actividad que tendr\u00e1 lugar a las 19:30 siendo esta una charla y exposici\u00f3n a cargo de la asociaci\u00f3n sempiterna acerca de indumentaria y trajes tradicionales. Para ello y con la colaboraci\u00f3n del ayuntamiento de la localidad, dicha asociaci\u00f3n traer\u00e1 muestras de parte de su exposici\u00f3n con objeto de desarrollar un recorrido por la historia de la seda en Espa\u00f1a y la vinculaci\u00f3n que tiene la seda en pa\u00f1uelos y mantones.<\/p>\n\n\n\n<p>La cultura popular y tradici\u00f3n asociada al estudio de la indumentaria popular est\u00e1 muy arraigada en el Maestrazgo y forma parte de su identidad. Con ello la Asociaci\u00f3n para el desarrollo del Maestrazgo (ADEMA), la instituci\u00f3n organizadora pretende continuar valorizando el patrimonio popular de la comarca y dinamizar el territorio a trav\u00e9s de la cultura.<\/p>\n\n\n\n<p>Dicho evento no habr\u00eda sido posible sin la colaboraci\u00f3n de la Direcci\u00f3n General de Ordenaci\u00f3n del Territorio, el cual subvenciona la propuesta cultural en el Maestrazgo, Cultura desde las alturas desarrollar\u00e1 a lo largo de cinco viernes entre Septiembre y Octubre diversas actividades en diferentes municipios de la Comarca del Maestrazgo.<\/p>\n\n\n\n<p>Para m\u00e1s informaci\u00f3n contactar con<\/p>\n\n\n\n<p>Jorge Abril Aznar<\/p>\n\n\n\n<p><a href=\"mailto:coordinacion@maestrazgo.org\">coordinacion@maestrazgo.org<\/a><\/p>\n\n\n\n<p>Lorena Sales Ob\u00f3n<\/p>\n\n\n\n<p><a href=\"mailto:caire@maestrazgo.org\">caire@maestrazgo.org<\/a><\/p>\n\n\n\n<figure class=\"wp-block-image size-large\"><img loading=\"lazy\" decoding=\"async\" width=\"724\" height=\"1024\" src=\"http:\/\/maestrazgo.org\/leader\/wp-content\/uploads\/2021\/09\/Mas\u00edas-Pasado-presente-y-futuro-1-724x1024.jpg\" alt=\"\" class=\"wp-image-544\" srcset=\"https:\/\/maestrazgo.org\/leader\/wp-content\/uploads\/2021\/09\/Mas\u00edas-Pasado-presente-y-futuro-1-724x1024.jpg 724w, https:\/\/maestrazgo.org\/leader\/wp-content\/uploads\/2021\/09\/Mas\u00edas-Pasado-presente-y-futuro-1-212x300.jpg 212w, https:\/\/maestrazgo.org\/leader\/wp-content\/uploads\/2021\/09\/Mas\u00edas-Pasado-presente-y-futuro-1-768x1086.jpg 768w, https:\/\/maestrazgo.org\/leader\/wp-content\/uploads\/2021\/09\/Mas\u00edas-Pasado-presente-y-futuro-1-1086x1536.jpg 1086w, https:\/\/maestrazgo.org\/leader\/wp-content\/uploads\/2021\/09\/Mas\u00edas-Pasado-presente-y-futuro-1-1448x2048.jpg 1448w, https:\/\/maestrazgo.org\/leader\/wp-content\/uploads\/2021\/09\/Mas\u00edas-Pasado-presente-y-futuro-1-269x380.jpg 269w, https:\/\/maestrazgo.org\/leader\/wp-content\/uploads\/2021\/09\/Mas\u00edas-Pasado-presente-y-futuro-1.jpg 1587w\" sizes=\"(max-width: 724px) 100vw, 724px\" \/><\/figure>\n","protected":false},"excerpt":{"rendered":"<p>-Apertura de las actividades culturales en el Maestrazgo, Cultura desde las alturas. -La Iglesuela del Cid acoge la primera de las actividades de \u201cCultura desde las alturas\u201d financiada por el Direcci\u00f3n General de Ordenaci\u00f3n del Territorio Molinos, 23 de Septiembre de 2021. El 24 de Septiembre arranca el ciclo \u201cCultura desde las alturas\u201d el sal\u00f3n &hellip; <a href=\"https:\/\/maestrazgo.org\/leader\/2021\/09\/23\/masias-pasado-presente-y-futuro\/\" class=\"more-link\">Seguir leyendo <span class=\"screen-reader-text\">Mas\u00edas pasado, presente y futuro<\/span><\/a><\/p>\n","protected":false},"author":3,"featured_media":541,"comment_status":"open","ping_status":"open","sticky":false,"template":"","format":"standard","meta":{"om_disable_all_campaigns":false,"_monsterinsights_skip_tracking":false,"_monsterinsights_sitenote_active":false,"_monsterinsights_sitenote_note":"","_monsterinsights_sitenote_category":0,"footnotes":""},"categories":[1],"tags":[],"aioseo_notices":[],"_links":{"self":[{"href":"https:\/\/maestrazgo.org\/leader\/wp-json\/wp\/v2\/posts\/543"}],"collection":[{"href":"https:\/\/maestrazgo.org\/leader\/wp-json\/wp\/v2\/posts"}],"about":[{"href":"https:\/\/maestrazgo.org\/leader\/wp-json\/wp\/v2\/types\/post"}],"author":[{"embeddable":true,"href":"https:\/\/maestrazgo.org\/leader\/wp-json\/wp\/v2\/users\/3"}],"replies":[{"embeddable":true,"href":"https:\/\/maestrazgo.org\/leader\/wp-json\/wp\/v2\/comments?post=543"}],"version-history":[{"count":1,"href":"https:\/\/maestrazgo.org\/leader\/wp-json\/wp\/v2\/posts\/543\/revisions"}],"predecessor-version":[{"id":545,"href":"https:\/\/maestrazgo.org\/leader\/wp-json\/wp\/v2\/posts\/543\/revisions\/545"}],"wp:featuredmedia":[{"embeddable":true,"href":"https:\/\/maestrazgo.org\/leader\/wp-json\/wp\/v2\/media\/541"}],"wp:attachment":[{"href":"https:\/\/maestrazgo.org\/leader\/wp-json\/wp\/v2\/media?parent=543"}],"wp:term":[{"taxonomy":"category","embeddable":true,"href":"https:\/\/maestrazgo.org\/leader\/wp-json\/wp\/v2\/categories?post=543"},{"taxonomy":"post_tag","embeddable":true,"href":"https:\/\/maestrazgo.org\/leader\/wp-json\/wp\/v2\/tags?post=543"}],"curies":[{"name":"wp","href":"https:\/\/api.w.org\/{rel}","templated":true}]}}