{"id":534,"date":"2021-09-22T08:48:54","date_gmt":"2021-09-22T08:48:54","guid":{"rendered":"http:\/\/maestrazgo.org\/leader\/?p=534"},"modified":"2021-09-24T07:21:57","modified_gmt":"2021-09-24T07:21:57","slug":"nueva-propuesta-cultural-en-el-maestrazgo-cultura-desde-las-alturas","status":"publish","type":"post","link":"https:\/\/maestrazgo.org\/leader\/2021\/09\/22\/nueva-propuesta-cultural-en-el-maestrazgo-cultura-desde-las-alturas\/","title":{"rendered":"Nueva propuesta Cultural en el Maestrazgo, Cultura desde las alturas."},"content":{"rendered":"\n<p><strong>&#8211; ADEMA organiza actividades culturales en el Maestrazgo financiadas por el Direcci\u00f3n General de Ordenaci\u00f3n del Territorio<\/strong><\/p>\n\n\n\n<p><strong>&#8211; Cinco propuestas culturales para cinco viernes diferentes.<\/strong><\/p>\n\n\n\n<p><strong>Molinos, 22 de Septiembre de 2021.&nbsp;<\/strong>La Asociaci\u00f3n para el desarrollo del Maestrazgo (ADEMA) ha sido unas de las beneficiarias de la ayuda concedida por la Direcci\u00f3n general de Ordenaci\u00f3n del Territorio en el marco de la ORDEN VMV\/510\/2021, de 12 de mayo, por la que se convocan subvenciones para la realizaci\u00f3n, durante el a\u00f1o 2021, de actuaciones relacionadas con el desarrollo de la Directriz Especial de Pol\u00edtica Demogr\u00e1fica y contra la Despoblaci\u00f3n con cargo al Fondo de Cohesi\u00f3n Territorial por entidades sin \u00e1nimo de lucro.<\/p>\n\n\n\n<p>La Comarca del Maestrazgo siembre ha sido un territorio innovador y referencial en cuanto a gesti\u00f3n cultural se refiere, y por tanto, desde las alturas de una comarca de monta\u00f1a, se propone desarrollar un conjunto de actividades culturales en colaboraci\u00f3n con los Ayuntamientos participantes , con la firme voluntad de dinamizar el territorio el mes de Septiembre y Octubre<\/p>\n\n\n\n<p>Por ello, en dicha l\u00ednea ha organizado un programa bajo el nombre \u201cCultura desde las alturas\u201d que durante cinco viernes realizar\u00e1 actividades en diferentes municipios de la Comarca del Maestrazgo. M\u00fasica, charlas, exposiciones y formaci\u00f3n cultural y etnogr\u00e1fica e hist\u00f3rica ser\u00e1n las \u00e1reas presentes en esta primera edici\u00f3n.<\/p>\n\n\n\n<p>El Viernes 24 comenzar\u00e1n los actos en Iglesuela del Cid, contando con una exposici\u00f3n de indumentaria tradicional, a cargo de la asociaci\u00f3n sempiterna y con la colaboraci\u00f3n del ayuntamiento de la entidad. La asociaci\u00f3n sempiterna gestiona el centro de indumentaria tradicional en Valdealgorfa se pretende desarrollar un recorrido por la historia de la seda en Espa\u00f1a y la vinculaci\u00f3n que tiene la sede en pa\u00f1uelos y mantones. La Asociaci\u00f3n Sempiterna traer\u00e1 una muestra de parte de su exposici\u00f3n y se pretende interactuar con los vecinos para catalogar de manera conjunta todos aquellos elementos de Iglesuela vinculados a la indumentaria tradicional.<\/p>\n\n\n\n<p>Las pr\u00f3ximas actividades se desarrollaran en los municipios de Villarroya de los Pinares, Villarluengo, Cuevas de Ca\u00f1art y Fortanete durante el pr\u00f3ximo mes de Octubre.<\/p>\n\n\n\n<p>Para mas informaci\u00f3n contactar con<\/p>\n\n\n\n<p>Jorge Abril Aznar<\/p>\n\n\n\n<p><a rel=\"noreferrer noopener\" href=\"mailto:coordinacion@maestrazgo.org\" target=\"_blank\">coordinacion@maestrazgo.org<\/a><\/p>\n\n\n\n<p>Lorena Sales Ob\u00f3n<\/p>\n\n\n\n<p><a rel=\"noreferrer noopener\" href=\"mailto:caire@maestrazgo.org\" target=\"_blank\">caire@maestrazgo.org<\/a><\/p>\n\n\n\n<figure class=\"wp-block-image size-large\"><img loading=\"lazy\" decoding=\"async\" width=\"724\" height=\"1024\" src=\"http:\/\/maestrazgo.org\/leader\/wp-content\/uploads\/2021\/09\/Cultura-desde-las-alturas-def-724x1024.jpg\" alt=\"\" class=\"wp-image-547\" srcset=\"https:\/\/maestrazgo.org\/leader\/wp-content\/uploads\/2021\/09\/Cultura-desde-las-alturas-def-724x1024.jpg 724w, https:\/\/maestrazgo.org\/leader\/wp-content\/uploads\/2021\/09\/Cultura-desde-las-alturas-def-212x300.jpg 212w, https:\/\/maestrazgo.org\/leader\/wp-content\/uploads\/2021\/09\/Cultura-desde-las-alturas-def-768x1086.jpg 768w, https:\/\/maestrazgo.org\/leader\/wp-content\/uploads\/2021\/09\/Cultura-desde-las-alturas-def-1086x1536.jpg 1086w, https:\/\/maestrazgo.org\/leader\/wp-content\/uploads\/2021\/09\/Cultura-desde-las-alturas-def-1448x2048.jpg 1448w, https:\/\/maestrazgo.org\/leader\/wp-content\/uploads\/2021\/09\/Cultura-desde-las-alturas-def-269x380.jpg 269w, https:\/\/maestrazgo.org\/leader\/wp-content\/uploads\/2021\/09\/Cultura-desde-las-alturas-def.jpg 1587w\" sizes=\"(max-width: 724px) 100vw, 724px\" \/><\/figure>\n\n\n\n<p> <\/p>\n","protected":false},"excerpt":{"rendered":"<p>&#8211; ADEMA organiza actividades culturales en el Maestrazgo financiadas por el Direcci\u00f3n General de Ordenaci\u00f3n del Territorio &#8211; Cinco propuestas culturales para cinco viernes diferentes. Molinos, 22 de Septiembre de 2021.&nbsp;La Asociaci\u00f3n para el desarrollo del Maestrazgo (ADEMA) ha sido unas de las beneficiarias de la ayuda concedida por la Direcci\u00f3n general de Ordenaci\u00f3n del &hellip; <a href=\"https:\/\/maestrazgo.org\/leader\/2021\/09\/22\/nueva-propuesta-cultural-en-el-maestrazgo-cultura-desde-las-alturas\/\" class=\"more-link\">Seguir leyendo <span class=\"screen-reader-text\">Nueva propuesta Cultural en el Maestrazgo, Cultura desde las alturas.<\/span><\/a><\/p>\n","protected":false},"author":3,"featured_media":541,"comment_status":"open","ping_status":"open","sticky":false,"template":"","format":"standard","meta":{"om_disable_all_campaigns":false,"_monsterinsights_skip_tracking":false,"_monsterinsights_sitenote_active":false,"_monsterinsights_sitenote_note":"","_monsterinsights_sitenote_category":0,"footnotes":""},"categories":[1],"tags":[],"aioseo_notices":[],"_links":{"self":[{"href":"https:\/\/maestrazgo.org\/leader\/wp-json\/wp\/v2\/posts\/534"}],"collection":[{"href":"https:\/\/maestrazgo.org\/leader\/wp-json\/wp\/v2\/posts"}],"about":[{"href":"https:\/\/maestrazgo.org\/leader\/wp-json\/wp\/v2\/types\/post"}],"author":[{"embeddable":true,"href":"https:\/\/maestrazgo.org\/leader\/wp-json\/wp\/v2\/users\/3"}],"replies":[{"embeddable":true,"href":"https:\/\/maestrazgo.org\/leader\/wp-json\/wp\/v2\/comments?post=534"}],"version-history":[{"count":6,"href":"https:\/\/maestrazgo.org\/leader\/wp-json\/wp\/v2\/posts\/534\/revisions"}],"predecessor-version":[{"id":548,"href":"https:\/\/maestrazgo.org\/leader\/wp-json\/wp\/v2\/posts\/534\/revisions\/548"}],"wp:featuredmedia":[{"embeddable":true,"href":"https:\/\/maestrazgo.org\/leader\/wp-json\/wp\/v2\/media\/541"}],"wp:attachment":[{"href":"https:\/\/maestrazgo.org\/leader\/wp-json\/wp\/v2\/media?parent=534"}],"wp:term":[{"taxonomy":"category","embeddable":true,"href":"https:\/\/maestrazgo.org\/leader\/wp-json\/wp\/v2\/categories?post=534"},{"taxonomy":"post_tag","embeddable":true,"href":"https:\/\/maestrazgo.org\/leader\/wp-json\/wp\/v2\/tags?post=534"}],"curies":[{"name":"wp","href":"https:\/\/api.w.org\/{rel}","templated":true}]}}