{"id":466,"date":"2021-04-16T06:31:49","date_gmt":"2021-04-16T06:31:49","guid":{"rendered":"http:\/\/maestrazgo.org\/leader\/?p=466"},"modified":"2021-04-16T12:36:55","modified_gmt":"2021-04-16T12:36:55","slug":"defendamosleader","status":"publish","type":"post","link":"https:\/\/maestrazgo.org\/leader\/2021\/04\/16\/defendamosleader\/","title":{"rendered":"#DefendamosLEADER"},"content":{"rendered":"\n<p>Tras la noticia anunciada por el Gobierno de Arag\u00f3n de reducir los Grupos LEADER en Arag\u00f3n, realizamos aqu\u00ed una recopilaci\u00f3n de las noticias al respecto.<\/p>\n\n\n\n<ol><li><a rel=\"noreferrer noopener\" href=\"https:\/\/www.lacomarca.net\/malestar-entre-grupos-leader-porque-dga-plantea-dejar-solo-uno-por-provincia\/\" target=\"_blank\">Malestar entre los grupos Leader porque DGA plantea dejar solo uno por provincia<\/a><\/li><li><a rel=\"noreferrer noopener\" href=\"https:\/\/www.diariodeteruel.es\/noticia.asp?notid=1031374&amp;secid=1&amp;fbclid=IwAR3pBP3iKPrZ4ItFoO3EHH5fr7m34doYYR2Xhlh3dsHJYsnOoLKcuMMaSjk\" target=\"_blank\">El Gobierno de Arag\u00f3n plantea un solo grupo Leader por provincia y reducir los fondos un 42%<\/a><\/li><li><a rel=\"noreferrer noopener\" href=\"https:\/\/www.lacomarca.net\/red-aragonesa-desarrollo-rural-advierte-futuro-grupos-leader\/?fbclid=IwAR1hpqjHTF5MBxoSu7ICxSzY3k1ZrEMPVaHGrpp0BWyT8hqFG-5Zrvr-Cjk\" target=\"_blank\">El Gobierno de Arag\u00f3n quiere reducir los Grupos LEADER a uno por provincia<\/a><\/li><li><a rel=\"noreferrer noopener\" href=\"https:\/\/www.lacomarca.net\/podcasts\/hoy-es-tu-dia-matarrana-radio-15-04-2021\/\" target=\"_blank\">Intervenci\u00f3n en radio Presidente de la Red Aragonesa de Desarrollo Rural<\/a><\/li><li><a rel=\"noreferrer noopener\" href=\"https:\/\/www.msn.com\/es-es\/dinero\/noticias\/agricultura-quiere-reducir-los-grupos-leader-en-arag-c3-b3n-y-recortar-sus-fondos-casi-a-la-mitad\/ar-BB1fFgno\" target=\"_blank\">Agricultura quiere reducir los grupos Leader en Arag\u00f3n y recortar sus fondos casi a la mitad<\/a><\/li><li><a rel=\"noreferrer noopener\" href=\"https:\/\/www.diariodelaltoaragon.es\/noticias\/comarcas\/2021\/04\/15\/denuncian-la-intencion-de-reducir-el-numero-de-grupos-leader-y-su-financiacion-1484982-daa.html\" target=\"_blank\">Denuncian la intenci\u00f3n de reducir el n\u00famero de grupos Leader y su financiaci\u00f3n<\/a><\/li><li><a rel=\"noreferrer noopener\" href=\"https:\/\/www.heraldo.es\/noticias\/aragon\/2021\/04\/15\/agricultura-quiere-reducir-los-grupos-leader-en-aragon-y-recortar-sus-fondos-casi-a-la-mitad-1484940.html?utm_source=whatsapp.com&amp;utm_medium=socialshare&amp;utm_campaign=mobile_web\" target=\"_blank\">Agricultura quiere reducir los grupos Leader en Arag\u00f3n y recortar sus fondos casi a la mitad<\/a><\/li><li><a rel=\"noreferrer noopener\" href=\"http:\/\/www.diariodelcampo.com\/detallepost.asp?id=799360&amp;idcat=7\" target=\"_blank\">Los Grupos Leader denuncian nuevos recortes presupuestarios del Gobierno de Arag\u00f3n<\/a><\/li><li><a rel=\"noreferrer noopener\" href=\"https:\/\/www.diariodeteruel.es\/noticia.asp?notid=1031413&amp;secid=1\" target=\"_blank\">El consejero Olona, sobre la reestructuraci\u00f3n de los Leader: \u201cDeben cambiar un enfoque que ya tiene 30 a\u00f1os\u201d<\/a><\/li><li><a rel=\"noreferrer noopener\" href=\"https:\/\/www.lacomarca.net\/opinion\/la-importancia-de-los-leader-contra-la-despoblacion\/\" target=\"_blank\">La importancia de los leader contra la despoblaci\u00f3n<\/a><\/li><li><a rel=\"noreferrer noopener\" href=\"https:\/\/aragonrural.org\/el-departamento-de-agricultura-del-gobierno-de-aragon-niega-los-fondos-de-la-transicion-de-la-pac-a-los-grupos-leader-2\/\" target=\"_blank\">El Departamento de Agricultura del Gobierno de Arag\u00f3n niega los fondos de la transici\u00f3n de la PAC a los Grupos Leader<\/a><\/li><li><a href=\"https:\/\/www.elperiodicodearagon.com\/noticias\/aragon\/pp-dice-recortar-fondos-leader-es-reducir-ayudas-a-quien-genera-empleo-donde-es-mas-dificil-medio-rural_1464897.html\" target=\"_blank\" rel=\"noreferrer noopener\">El PP dice que recortar los fondos Leader es reducir ayudas \u00aba quien genera empleo donde es m\u00e1s dif\u00edcil\u00bb, el medio rural<\/a><\/li><\/ol>\n\n\n\n<p><\/p>\n","protected":false},"excerpt":{"rendered":"<p>Tras la noticia anunciada por el Gobierno de Arag\u00f3n de reducir los Grupos LEADER en Arag\u00f3n, realizamos aqu\u00ed una recopilaci\u00f3n de las noticias al respecto. Malestar entre los grupos Leader porque DGA plantea dejar solo uno por provincia El Gobierno de Arag\u00f3n plantea un solo grupo Leader por provincia y reducir los fondos un 42% &hellip; <a href=\"https:\/\/maestrazgo.org\/leader\/2021\/04\/16\/defendamosleader\/\" class=\"more-link\">Seguir leyendo <span class=\"screen-reader-text\">#DefendamosLEADER<\/span><\/a><\/p>\n","protected":false},"author":3,"featured_media":468,"comment_status":"open","ping_status":"open","sticky":false,"template":"","format":"standard","meta":{"om_disable_all_campaigns":false,"_monsterinsights_skip_tracking":false,"_monsterinsights_sitenote_active":false,"_monsterinsights_sitenote_note":"","_monsterinsights_sitenote_category":0,"footnotes":""},"categories":[1],"tags":[],"aioseo_notices":[],"_links":{"self":[{"href":"https:\/\/maestrazgo.org\/leader\/wp-json\/wp\/v2\/posts\/466"}],"collection":[{"href":"https:\/\/maestrazgo.org\/leader\/wp-json\/wp\/v2\/posts"}],"about":[{"href":"https:\/\/maestrazgo.org\/leader\/wp-json\/wp\/v2\/types\/post"}],"author":[{"embeddable":true,"href":"https:\/\/maestrazgo.org\/leader\/wp-json\/wp\/v2\/users\/3"}],"replies":[{"embeddable":true,"href":"https:\/\/maestrazgo.org\/leader\/wp-json\/wp\/v2\/comments?post=466"}],"version-history":[{"count":9,"href":"https:\/\/maestrazgo.org\/leader\/wp-json\/wp\/v2\/posts\/466\/revisions"}],"predecessor-version":[{"id":479,"href":"https:\/\/maestrazgo.org\/leader\/wp-json\/wp\/v2\/posts\/466\/revisions\/479"}],"wp:featuredmedia":[{"embeddable":true,"href":"https:\/\/maestrazgo.org\/leader\/wp-json\/wp\/v2\/media\/468"}],"wp:attachment":[{"href":"https:\/\/maestrazgo.org\/leader\/wp-json\/wp\/v2\/media?parent=466"}],"wp:term":[{"taxonomy":"category","embeddable":true,"href":"https:\/\/maestrazgo.org\/leader\/wp-json\/wp\/v2\/categories?post=466"},{"taxonomy":"post_tag","embeddable":true,"href":"https:\/\/maestrazgo.org\/leader\/wp-json\/wp\/v2\/tags?post=466"}],"curies":[{"name":"wp","href":"https:\/\/api.w.org\/{rel}","templated":true}]}}