{"id":2846,"date":"2026-03-31T12:57:04","date_gmt":"2026-03-31T10:57:04","guid":{"rendered":"https:\/\/maestrazgo.org\/esdi\/?p=2846"},"modified":"2026-03-31T12:57:04","modified_gmt":"2026-03-31T10:57:04","slug":"asamblea-de-agujama-en-cantavieja","status":"publish","type":"post","link":"https:\/\/maestrazgo.org\/esdi\/asamblea-de-agujama-en-cantavieja\/","title":{"rendered":"Asamblea de AGUJAMA en Cantavieja"},"content":{"rendered":"<p>La entidad AGUJAMA, gestora del programa LEADER en las comarcas de Maestrazgo y G\u00fadar-Javalambre, celebr\u00f3 su asamblea anual en Cantavieja el pasado martes 10 de febrero. Reunidos en la sede de la Comarca del Maestrazgo, los socios presentes aprobaron las cuentas anuales y la previsi\u00f3n de presupuestos para 2026. Tambi\u00e9n se debati\u00f3 la estrategia del grupo ante las convocatorias de ayudas LEADER pendientes, con dos convocatorias aseguradas para el presente a\u00f1o 2026, siempre dando prioridad a los proyectos productivos, apoyando iniciativas de peque\u00f1as empresas y emprendedores del territorio.<\/p>\n<p>La asamblea sirvi\u00f3 tambi\u00e9n para debatir sobre los proyectos tractor que se est\u00e1n impulsando en las dos comarcas a trav\u00e9s de las entidades comarcales, as\u00ed como de los proyectos de cooperaci\u00f3n LEADER que va a desarrollar AGUJAMA junto a otros grupos LEADER de Arag\u00f3n y comunidades vecinas, vinculados a temas de despoblaci\u00f3n, vivienda, cultura y turismo ornitol\u00f3gico. Adem\u00e1s se present\u00f3 ante los socios las diferentes actividades de dinamizaci\u00f3n territorial que desarrolla el grupo, vinculadas a programas y subvenciones no directamente relacionadas con los fondos LEADER, como los fondos de cohesi\u00f3n territorial para el desarrollo de actividades culturales, los programas Jovem de ayuda a la contrataci\u00f3n de personal por parte del Inaem o la b\u00fasqueda y gesti\u00f3n de otros recursos econ\u00f3micos p\u00fablicos y privados para desarrollar iniciativas de impacto en el territorio.<\/p>\n<p>Por \u00faltimo, la asamblea sirvi\u00f3 tambi\u00e9n para agradecer al t\u00e9cnico LEADER del Maestrazgo, Jorge Abril, su labor y desempe\u00f1o durante 20 a\u00f1os en la entidad, ya que ha solicitado una excedencia para ocupar el puesto de Gerente del Consorcio Patrimonio Ib\u00e9rico (yacimientos ib\u00e9ricos del Bajo Arag\u00f3n) en Alca\u00f1iz, su lugar de residencia. Le deseamos el mejor de los \u00e9xitos en esta nueva andadura laboral.<\/p>\n<p><img loading=\"lazy\" decoding=\"async\" class=\"aligncenter size-large wp-image-2847\" src=\"https:\/\/maestrazgo.org\/esdi\/wp-content\/uploads\/2026\/03\/asamblea-agujama-1024x472.jpeg\" alt=\"\" width=\"1024\" height=\"472\" srcset=\"https:\/\/maestrazgo.org\/esdi\/wp-content\/uploads\/2026\/03\/asamblea-agujama-1024x472.jpeg 1024w, https:\/\/maestrazgo.org\/esdi\/wp-content\/uploads\/2026\/03\/asamblea-agujama-300x138.jpeg 300w, https:\/\/maestrazgo.org\/esdi\/wp-content\/uploads\/2026\/03\/asamblea-agujama-768x354.jpeg 768w, https:\/\/maestrazgo.org\/esdi\/wp-content\/uploads\/2026\/03\/asamblea-agujama-1536x708.jpeg 1536w, https:\/\/maestrazgo.org\/esdi\/wp-content\/uploads\/2026\/03\/asamblea-agujama-700x323.jpeg 700w, https:\/\/maestrazgo.org\/esdi\/wp-content\/uploads\/2026\/03\/asamblea-agujama.jpeg 1710w\" sizes=\"auto, (max-width: 1024px) 100vw, 1024px\" \/><\/p>\n","protected":false},"excerpt":{"rendered":"<p>La entidad AGUJAMA, gestora del programa LEADER en las comarcas de Maestrazgo y G\u00fadar-Javalambre, celebr\u00f3 su asamblea anual en Cantavieja el pasado martes 10 de febrero. Reunidos en la sede de la Comarca del Maestrazgo, los socios presentes aprobaron las cuentas anuales y la previsi\u00f3n&#8230;<\/p>\n","protected":false},"author":2,"featured_media":0,"comment_status":"open","ping_status":"open","sticky":false,"template":"","format":"standard","meta":{"footnotes":""},"categories":[29,4],"tags":[15,72,67],"class_list":["post-2846","post","type-post","status-publish","format-standard","hentry","category-fondosleader","category-noticias","tag-adema","tag-agujama","tag-cantavieja"],"_links":{"self":[{"href":"https:\/\/maestrazgo.org\/esdi\/wp-json\/wp\/v2\/posts\/2846","targetHints":{"allow":["GET"]}}],"collection":[{"href":"https:\/\/maestrazgo.org\/esdi\/wp-json\/wp\/v2\/posts"}],"about":[{"href":"https:\/\/maestrazgo.org\/esdi\/wp-json\/wp\/v2\/types\/post"}],"author":[{"embeddable":true,"href":"https:\/\/maestrazgo.org\/esdi\/wp-json\/wp\/v2\/users\/2"}],"replies":[{"embeddable":true,"href":"https:\/\/maestrazgo.org\/esdi\/wp-json\/wp\/v2\/comments?post=2846"}],"version-history":[{"count":1,"href":"https:\/\/maestrazgo.org\/esdi\/wp-json\/wp\/v2\/posts\/2846\/revisions"}],"predecessor-version":[{"id":2848,"href":"https:\/\/maestrazgo.org\/esdi\/wp-json\/wp\/v2\/posts\/2846\/revisions\/2848"}],"wp:attachment":[{"href":"https:\/\/maestrazgo.org\/esdi\/wp-json\/wp\/v2\/media?parent=2846"}],"wp:term":[{"taxonomy":"category","embeddable":true,"href":"https:\/\/maestrazgo.org\/esdi\/wp-json\/wp\/v2\/categories?post=2846"},{"taxonomy":"post_tag","embeddable":true,"href":"https:\/\/maestrazgo.org\/esdi\/wp-json\/wp\/v2\/tags?post=2846"}],"curies":[{"name":"wp","href":"https:\/\/api.w.org\/{rel}","templated":true}]}}