{"id":2824,"date":"2025-10-02T09:15:54","date_gmt":"2025-10-02T07:15:54","guid":{"rendered":"https:\/\/maestrazgo.org\/esdi\/?p=2824"},"modified":"2025-10-02T09:15:54","modified_gmt":"2025-10-02T07:15:54","slug":"maria-jose-hernandez-canta-a-labordeta-en-tronchon","status":"publish","type":"post","link":"https:\/\/maestrazgo.org\/esdi\/maria-jose-hernandez-canta-a-labordeta-en-tronchon\/","title":{"rendered":"Mar\u00eda Jos\u00e9 Hern\u00e1ndez canta a Labordeta en Tronch\u00f3n"},"content":{"rendered":"<p><strong><span style=\"font-size: large;\">Tronch\u00f3n acoge el s\u00e1bado 4 de octubre el concierto de Mar\u00eda Jos\u00e9 Hern\u00e1ndez dentro del ciclo \u201cCultura desde las alturas 2025\u201d<\/span><\/strong><\/p>\n<p><img loading=\"lazy\" decoding=\"async\" class=\"aligncenter wp-image-2825 size-large\" src=\"https:\/\/maestrazgo.org\/esdi\/wp-content\/uploads\/2025\/10\/tronchon-4-de-octubre-838x1024.jpeg\" alt=\"\" width=\"838\" height=\"1024\" srcset=\"https:\/\/maestrazgo.org\/esdi\/wp-content\/uploads\/2025\/10\/tronchon-4-de-octubre-838x1024.jpeg 838w, https:\/\/maestrazgo.org\/esdi\/wp-content\/uploads\/2025\/10\/tronchon-4-de-octubre-245x300.jpeg 245w, https:\/\/maestrazgo.org\/esdi\/wp-content\/uploads\/2025\/10\/tronchon-4-de-octubre-768x939.jpeg 768w, https:\/\/maestrazgo.org\/esdi\/wp-content\/uploads\/2025\/10\/tronchon-4-de-octubre-1257x1536.jpeg 1257w, https:\/\/maestrazgo.org\/esdi\/wp-content\/uploads\/2025\/10\/tronchon-4-de-octubre-700x855.jpeg 700w, https:\/\/maestrazgo.org\/esdi\/wp-content\/uploads\/2025\/10\/tronchon-4-de-octubre.jpeg 1414w\" sizes=\"auto, (max-width: 838px) 100vw, 838px\" \/><\/p>\n<p align=\"justify\">El pr\u00f3ximo <strong>s\u00e1bado 4 de octubre a las 18:00 horas<\/strong>, la iglesia de Tronch\u00f3n ser\u00e1 el escenario del concierto de la cantautora aragonesa <strong>Mar\u00eda Jos\u00e9 Hern\u00e1ndez<\/strong>, una de las voces m\u00e1s reconocidas de la m\u00fasica de autor en Arag\u00f3n. Estar\u00e1 acompa\u00f1ada por el prestigioso guitarrista <strong>Joaqu\u00edn Pardinilla<\/strong>, con quien ofrecer\u00e1 un recorrido por su trayectoria musical.<\/p>\n<p align=\"justify\">El repertorio repasar\u00e1 los trabajos discogr\u00e1ficos m\u00e1s destacados de Mar\u00eda Jos\u00e9 Hern\u00e1ndez, e incluir\u00e1 un gui\u00f1o especial a su proyecto \u201cLas uvas dulces\u201d, donde version\u00f3 canciones de <strong>Jos\u00e9 Antonio Labordeta<\/strong>, figura imprescindible de la cultura aragonesa.<\/p>\n<p align=\"justify\">Este concierto forma parte del ciclo <strong>\u201cCultura desde las alturas 2025\u201d<\/strong>, impulsado por la <strong>Asociaci\u00f3n para el Desarrollo del Maestrazgo (ADEMA)<\/strong> con el apoyo del <strong>Gobierno de Arag\u00f3n<\/strong> a trav\u00e9s de los fondos de cohesi\u00f3n. La iniciativa busca llevar la cultura a los municipios m\u00e1s peque\u00f1os del Maestrazgo m\u00e1s all\u00e1 del periodo vacacional y, al mismo tiempo, poner en valor su patrimonio y su identidad. Este es el tercer a\u00f1o que se puede celebrar, gracias a la ayuda del Gobierno de Arag\u00f3n.<\/p>\n<p align=\"justify\">En este sentido, la cita de Tronch\u00f3n pretende tambi\u00e9n dar protagonismo a la experiencia tur\u00edstica <strong>\u201cLa Ruta Labordeta por el Maestrazgo\u201d<\/strong>, que recorre varios municipios de la comarca y tiene en Tronch\u00f3n una de sus paradas, reivindicando la memoria y el legado del cantautor y pol\u00edtico aragon\u00e9s.<\/p>\n<p align=\"justify\"><img loading=\"lazy\" decoding=\"async\" class=\"aligncenter size-medium wp-image-2826\" src=\"https:\/\/maestrazgo.org\/esdi\/wp-content\/uploads\/2025\/10\/WhatsApp-Image-2025-09-26-at-09.06.34-218x300.jpeg\" alt=\"\" width=\"218\" height=\"300\" srcset=\"https:\/\/maestrazgo.org\/esdi\/wp-content\/uploads\/2025\/10\/WhatsApp-Image-2025-09-26-at-09.06.34-218x300.jpeg 218w, https:\/\/maestrazgo.org\/esdi\/wp-content\/uploads\/2025\/10\/WhatsApp-Image-2025-09-26-at-09.06.34.jpeg 441w\" sizes=\"auto, (max-width: 218px) 100vw, 218px\" \/><\/p>\n","protected":false},"excerpt":{"rendered":"<p>Tronch\u00f3n acoge el s\u00e1bado 4 de octubre el concierto de Mar\u00eda Jos\u00e9 Hern\u00e1ndez dentro del ciclo \u201cCultura desde las alturas 2025\u201d El pr\u00f3ximo s\u00e1bado 4 de octubre a las 18:00 horas, la iglesia de Tronch\u00f3n ser\u00e1 el escenario del concierto de la cantautora aragonesa Mar\u00eda&#8230;<\/p>\n","protected":false},"author":2,"featured_media":2826,"comment_status":"open","ping_status":"open","sticky":false,"template":"","format":"standard","meta":{"footnotes":""},"categories":[195,8,4],"tags":[15,155,9,166,198,158,13,197,39],"class_list":["post-2824","post","type-post","status-publish","format-standard","has-post-thumbnail","hentry","category-cultura","category-despoblacion","category-noticias","tag-adema","tag-cultura-desde-las-alturas","tag-despoblacion","tag-fondos-de-cohesion-territorial","tag-joaquin-pardinilla","tag-labordeta","tag-maestrazgo","tag-maria-jose-hernandez","tag-tronchon"],"_links":{"self":[{"href":"https:\/\/maestrazgo.org\/esdi\/wp-json\/wp\/v2\/posts\/2824","targetHints":{"allow":["GET"]}}],"collection":[{"href":"https:\/\/maestrazgo.org\/esdi\/wp-json\/wp\/v2\/posts"}],"about":[{"href":"https:\/\/maestrazgo.org\/esdi\/wp-json\/wp\/v2\/types\/post"}],"author":[{"embeddable":true,"href":"https:\/\/maestrazgo.org\/esdi\/wp-json\/wp\/v2\/users\/2"}],"replies":[{"embeddable":true,"href":"https:\/\/maestrazgo.org\/esdi\/wp-json\/wp\/v2\/comments?post=2824"}],"version-history":[{"count":1,"href":"https:\/\/maestrazgo.org\/esdi\/wp-json\/wp\/v2\/posts\/2824\/revisions"}],"predecessor-version":[{"id":2827,"href":"https:\/\/maestrazgo.org\/esdi\/wp-json\/wp\/v2\/posts\/2824\/revisions\/2827"}],"wp:featuredmedia":[{"embeddable":true,"href":"https:\/\/maestrazgo.org\/esdi\/wp-json\/wp\/v2\/media\/2826"}],"wp:attachment":[{"href":"https:\/\/maestrazgo.org\/esdi\/wp-json\/wp\/v2\/media?parent=2824"}],"wp:term":[{"taxonomy":"category","embeddable":true,"href":"https:\/\/maestrazgo.org\/esdi\/wp-json\/wp\/v2\/categories?post=2824"},{"taxonomy":"post_tag","embeddable":true,"href":"https:\/\/maestrazgo.org\/esdi\/wp-json\/wp\/v2\/tags?post=2824"}],"curies":[{"name":"wp","href":"https:\/\/api.w.org\/{rel}","templated":true}]}}