{"id":2820,"date":"2025-09-25T09:40:31","date_gmt":"2025-09-25T07:40:31","guid":{"rendered":"https:\/\/maestrazgo.org\/esdi\/?p=2820"},"modified":"2025-09-25T09:40:31","modified_gmt":"2025-09-25T07:40:31","slug":"cita-con-el-patrimonio-el-domingo-28-entre-villarroya-y-miravete","status":"publish","type":"post","link":"https:\/\/maestrazgo.org\/esdi\/cita-con-el-patrimonio-el-domingo-28-entre-villarroya-y-miravete\/","title":{"rendered":"Cita con el patrimonio el domingo 28 entre Villarroya y Miravete"},"content":{"rendered":"<p>La Asociaci\u00f3n para el Desarrollo, gracias al fondo de cohesi\u00f3n territorial de la DG Despoblaci\u00f3n del Gobierno de Arag\u00f3n, vuelve a poner en marcha este a\u00f1o el ciclo \u00abCultura desde las alturas\u00bb, con el objetivo de llevar actividades culturales y de divulgaci\u00f3n del patrimonio local en peque\u00f1os municipios del Maestrazgo fuera de la \u00e9poca estival.<\/p>\n<p>El domingo 28 de septiembre, se ha organizado el evento \u00abDisfruta del Maestrazgo m\u00e1s rec\u00f3ndito\u00bb, una visita patrimonial por los cascos urbanos de Villarroya de los Pinares y Miravete de la Sierra, con un paseo de 6 kil\u00f3metros entre los dos pueblos para disfrutar del r\u00edo Guadalope y su paisaje de chopos cabeceros. La actividad tendr\u00e1 lugar por la ma\u00f1ana con el inicio en la oficina de turismo de Villarroya de los Pinares a las 9:30h y finalizar\u00e1 a las 13:00h con una actuaci\u00f3n musical a cargo de Nuria Esta\u00fan y Roberto Segovia en el atrio de la iglesia de Miravete de la Sierra.<\/p>\n<p><img loading=\"lazy\" decoding=\"async\" class=\"aligncenter size-large wp-image-2821\" src=\"https:\/\/maestrazgo.org\/esdi\/wp-content\/uploads\/2025\/09\/DOMINGO-28-DE-SEPTIEMBRE-DISFRUTA-DEL-MAESTRAZGO-MAS-RECONDITO-819x1024.jpg\" alt=\"\" width=\"819\" height=\"1024\" srcset=\"https:\/\/maestrazgo.org\/esdi\/wp-content\/uploads\/2025\/09\/DOMINGO-28-DE-SEPTIEMBRE-DISFRUTA-DEL-MAESTRAZGO-MAS-RECONDITO-819x1024.jpg 819w, https:\/\/maestrazgo.org\/esdi\/wp-content\/uploads\/2025\/09\/DOMINGO-28-DE-SEPTIEMBRE-DISFRUTA-DEL-MAESTRAZGO-MAS-RECONDITO-240x300.jpg 240w, https:\/\/maestrazgo.org\/esdi\/wp-content\/uploads\/2025\/09\/DOMINGO-28-DE-SEPTIEMBRE-DISFRUTA-DEL-MAESTRAZGO-MAS-RECONDITO-768x960.jpg 768w, https:\/\/maestrazgo.org\/esdi\/wp-content\/uploads\/2025\/09\/DOMINGO-28-DE-SEPTIEMBRE-DISFRUTA-DEL-MAESTRAZGO-MAS-RECONDITO-700x875.jpg 700w, https:\/\/maestrazgo.org\/esdi\/wp-content\/uploads\/2025\/09\/DOMINGO-28-DE-SEPTIEMBRE-DISFRUTA-DEL-MAESTRAZGO-MAS-RECONDITO.jpg 1080w\" sizes=\"auto, (max-width: 819px) 100vw, 819px\" \/><\/p>\n<p>\ud83c\udfd8 Visita casco urbano Villarroya de los Pinares<br \/>\n\ud83c\udf33 Un paseo por el r\u00edo Guadalope hasta Miravete de la Sierra<br \/>\n\ud83c\udfe1 Visita patrimonial a Miravete de la Sierra<br \/>\n\ud83c\udfb6\ud83c\udfa4 Y para terminar la ma\u00f1ana, un concierto en el atrio de la iglesia de Miravete, un escenario \u00fanico.<br \/>\nUna experiencia que une patrimonio arquitect\u00f3nico y natural con un broche musical en una ma\u00f1ana inolvidable.<br \/>\n\ud83d\uddd3 Domingo 28 de septiembre<br \/>\n\u23f0\ufe0f 9:30h<br \/>\n\ud83d\udccdOficina turismo Villarroya de los Pinares<br \/>\n\u203c\ufe0f Informamos que en Miravete hay disponible un multiservicio rural para encargar y comprar comida y bebida.<br \/>\nJornada incluida en el ciclo \u00abCultura desde las alturas 2025\u00bb, organizada por Europe Direct Maestrazgo (ADEMA) y financiada por los fondos de cohesi\u00f3n territorial del Gobierno de Arag\u00f3n.<br \/>\n#villarroyadelospinares<br \/>\n#miravetedelasierra #cultura #naturaleza #patrimonio #europedirect #maestrazgo #adema<\/p>\n<p><img loading=\"lazy\" decoding=\"async\" class=\"aligncenter size-full wp-image-2822\" src=\"https:\/\/maestrazgo.org\/esdi\/wp-content\/uploads\/2025\/09\/360x140-jep.jpg\" alt=\"\" width=\"576\" height=\"223\" srcset=\"https:\/\/maestrazgo.org\/esdi\/wp-content\/uploads\/2025\/09\/360x140-jep.jpg 576w, https:\/\/maestrazgo.org\/esdi\/wp-content\/uploads\/2025\/09\/360x140-jep-300x116.jpg 300w\" sizes=\"auto, (max-width: 576px) 100vw, 576px\" \/><\/p>\n<p>La jornada se enmarca en el ciclo \u00abCultura desde las alturas 2025\u00bb, pero adem\u00e1s desde el Europe Direct Maestrazgo (enlace de informaci\u00f3n europea que tiene a ADEMA como entidad de acogida) se ha inscrito esta jornada en la iniciativa europea \u00abJornadas Europeas de Patrimonio\u00bb, desarrolladas por el Consejo de Europa desde 1985 y en acci\u00f3n conjunta con la Uni\u00f3n Europea desde 1999.<\/p>\n<p>En la actualidad son el\u00a0<strong>mayor evento cultural europeo<\/strong> de car\u00e1cter participativo: acogen m\u00e1s de 70.000 actividades, organizadas por administraciones, museos y sociedad civil, recibiendo con car\u00e1cter anual en el conjunto de sus actividades a treinta millones de visitantes. Su objetivo es dar a conocer la riqueza y la diversidad cultural de Europa, concienciar al ciudadano y a las administraciones p\u00fablicas sobre la necesidad de proteger este patrimonio com\u00fan y responder a los retos sociales, pol\u00edticos y econ\u00f3micos del sector cultural.<\/p>\n<p>En este marco,\u00a0<strong>la edici\u00f3n 2025 celebra la relaci\u00f3n entre la comunidad y su patrimonio arquitect\u00f3nico.<\/strong><\/p>\n<p>&nbsp;<\/p>\n","protected":false},"excerpt":{"rendered":"<p>La Asociaci\u00f3n para el Desarrollo, gracias al fondo de cohesi\u00f3n territorial de la DG Despoblaci\u00f3n del Gobierno de Arag\u00f3n, vuelve a poner en marcha este a\u00f1o el ciclo \u00abCultura desde las alturas\u00bb, con el objetivo de llevar actividades culturales y de divulgaci\u00f3n del patrimonio local&#8230;<\/p>\n","protected":false},"author":2,"featured_media":2821,"comment_status":"open","ping_status":"open","sticky":false,"template":"","format":"standard","meta":{"footnotes":""},"categories":[195,7,8,11,4],"tags":[15,152,155,13,14,196,109],"class_list":["post-2820","post","type-post","status-publish","format-standard","has-post-thumbnail","hentry","category-cultura","category-custodiaterritorio","category-despoblacion","category-europedirectcaire","category-noticias","tag-adema","tag-cultura","tag-cultura-desde-las-alturas","tag-maestrazgo","tag-miravete-de-la-sierra","tag-patrimonio","tag-villarroya-de-los-pinares"],"_links":{"self":[{"href":"https:\/\/maestrazgo.org\/esdi\/wp-json\/wp\/v2\/posts\/2820","targetHints":{"allow":["GET"]}}],"collection":[{"href":"https:\/\/maestrazgo.org\/esdi\/wp-json\/wp\/v2\/posts"}],"about":[{"href":"https:\/\/maestrazgo.org\/esdi\/wp-json\/wp\/v2\/types\/post"}],"author":[{"embeddable":true,"href":"https:\/\/maestrazgo.org\/esdi\/wp-json\/wp\/v2\/users\/2"}],"replies":[{"embeddable":true,"href":"https:\/\/maestrazgo.org\/esdi\/wp-json\/wp\/v2\/comments?post=2820"}],"version-history":[{"count":1,"href":"https:\/\/maestrazgo.org\/esdi\/wp-json\/wp\/v2\/posts\/2820\/revisions"}],"predecessor-version":[{"id":2823,"href":"https:\/\/maestrazgo.org\/esdi\/wp-json\/wp\/v2\/posts\/2820\/revisions\/2823"}],"wp:featuredmedia":[{"embeddable":true,"href":"https:\/\/maestrazgo.org\/esdi\/wp-json\/wp\/v2\/media\/2821"}],"wp:attachment":[{"href":"https:\/\/maestrazgo.org\/esdi\/wp-json\/wp\/v2\/media?parent=2820"}],"wp:term":[{"taxonomy":"category","embeddable":true,"href":"https:\/\/maestrazgo.org\/esdi\/wp-json\/wp\/v2\/categories?post=2820"},{"taxonomy":"post_tag","embeddable":true,"href":"https:\/\/maestrazgo.org\/esdi\/wp-json\/wp\/v2\/tags?post=2820"}],"curies":[{"name":"wp","href":"https:\/\/api.w.org\/{rel}","templated":true}]}}