{"id":2782,"date":"2024-10-31T12:29:59","date_gmt":"2024-10-31T11:29:59","guid":{"rendered":"https:\/\/maestrazgo.org\/esdi\/?p=2782"},"modified":"2024-10-31T12:29:59","modified_gmt":"2024-10-31T11:29:59","slug":"la-europa-del-aborigen-despide-el-ciclo-cultura-desde-las-alturas","status":"publish","type":"post","link":"https:\/\/maestrazgo.org\/esdi\/la-europa-del-aborigen-despide-el-ciclo-cultura-desde-las-alturas\/","title":{"rendered":"La Europa del Aborigen despide el ciclo \u00abCultura desde las alturas\u00bb"},"content":{"rendered":"<p><strong>La sede de la Asociaci\u00f3n para el Desarrollo del Maestrazgo en Molinos, la entidad organizadora del ciclo \u00abCultura desde las alturas 2024\u00bb, acoge el \u00faltimo evento del ciclo el pr\u00f3ximo domingo 3 de noviembre.<\/strong><\/p>\n<p><img loading=\"lazy\" decoding=\"async\" class=\"size-large wp-image-2783 aligncenter\" src=\"https:\/\/maestrazgo.org\/esdi\/wp-content\/uploads\/2024\/10\/cartel-3-de-noviembre-molinos-724x1024.jpg\" alt=\"\" width=\"724\" height=\"1024\" srcset=\"https:\/\/maestrazgo.org\/esdi\/wp-content\/uploads\/2024\/10\/cartel-3-de-noviembre-molinos-724x1024.jpg 724w, https:\/\/maestrazgo.org\/esdi\/wp-content\/uploads\/2024\/10\/cartel-3-de-noviembre-molinos-212x300.jpg 212w, https:\/\/maestrazgo.org\/esdi\/wp-content\/uploads\/2024\/10\/cartel-3-de-noviembre-molinos-768x1086.jpg 768w, https:\/\/maestrazgo.org\/esdi\/wp-content\/uploads\/2024\/10\/cartel-3-de-noviembre-molinos-1086x1536.jpg 1086w, https:\/\/maestrazgo.org\/esdi\/wp-content\/uploads\/2024\/10\/cartel-3-de-noviembre-molinos-700x990.jpg 700w, https:\/\/maestrazgo.org\/esdi\/wp-content\/uploads\/2024\/10\/cartel-3-de-noviembre-molinos.jpg 1414w\" sizes=\"auto, (max-width: 724px) 100vw, 724px\" \/><\/p>\n<p>El pr\u00f3ximo domingo 3 de noviembre, el sal\u00f3n de actos de la Asociaci\u00f3n para el Desarrollo del Maestrazgo en Molinos acoger\u00e1 la clausura del ciclo \u00abCultura desde las alturas\u00bb, un ciclo de actividades culturales organizado por ADEMA y financiado por los fondos de cohesi\u00f3n territorial del Gobierno de Arag\u00f3n para entidades sin \u00e1nimo de lucro.<\/p>\n<p>El domingo a partir de las 17 horas en el sal\u00f3n de actos de ADEMA, se podr\u00e1 disfrutar del estreno del v\u00eddeo conmemorativo que ha preparado el Europe Direct Maestrazgo, enlace de informaci\u00f3n europea gestionado por ADEMA, con motivo de los 30 a\u00f1os de existencia del punto de informaci\u00f3n europea en Molinos, ya que el primer convenio con la Comisi\u00f3n Europea para la existencia de este servicio se inici\u00f3 en 1994 y ha continuado hasta la actualidad.<\/p>\n<p>Seguidamente, el p\u00fablico asistente podr\u00e1 disfrutar de la actuaci\u00f3n de La Europa del Aborigen, una formaci\u00f3n bajoaragonesa que mezcla en sus espect\u00e1culos poes\u00eda, m\u00fasica e im\u00e1genes.<\/p>\n<p>La programaci\u00f3n del ciclo \u00abCultura desde las alturas\u00bb ha consistido en la celebraci\u00f3n de 7 eventos en 6 fechas diferentes, distribuidas por 5 pueblos. Molinos, Allepuz, La Iglesuela del Cid, Montoro de Mezquita y Ca\u00f1ada de Benatanduz han sido las localidades donde se han podido disfrutar de las actividades organizadas. Desde ADEMA, expresan su satisfacci\u00f3n por la repercusi\u00f3n y la aceptaci\u00f3n del ciclo en los diferentes municipios por los que ha pasado, con el objetivo de llevar actividades culturales de calidad a peque\u00f1os municipios fuera de la temporada veraniega.<\/p>\n<p>Destacar la emisi\u00f3n de dos audiovisuales con gran \u00e9xito de p\u00fablico y la presencia de sus directores, como fue la proyecci\u00f3n de \u00abLa estrella azul\u00bb en Molinos y la emisi\u00f3n del documental \u00abLabordeta: un hombre sin m\u00e1s\u00bb en La Iglesuela del Cid. Tambi\u00e9n se han celebrado salidas senderistas para poner en valor el patrimonio natural y ornitol\u00f3gico en Allepuz y Montoro de Mezquita. Y el ciclo se ha completado con los conciertos de los artistas Isabel Marco en Montoro de Mezquita, Toyo Gabarr\u00fas en Ca\u00f1ada de Benatanduz y el previsto el domingo 3 de noviembre en Molinos con La Europa del Aborigen.<\/p>\n<p><img loading=\"lazy\" decoding=\"async\" class=\"alignleft wp-image-2764 size-medium\" src=\"https:\/\/maestrazgo.org\/esdi\/wp-content\/uploads\/2024\/08\/cartel-cultura-desde-las-alturas-2024-212x300.jpeg\" alt=\"\" width=\"212\" height=\"300\" srcset=\"https:\/\/maestrazgo.org\/esdi\/wp-content\/uploads\/2024\/08\/cartel-cultura-desde-las-alturas-2024-212x300.jpeg 212w, https:\/\/maestrazgo.org\/esdi\/wp-content\/uploads\/2024\/08\/cartel-cultura-desde-las-alturas-2024-724x1024.jpeg 724w, https:\/\/maestrazgo.org\/esdi\/wp-content\/uploads\/2024\/08\/cartel-cultura-desde-las-alturas-2024-768x1086.jpeg 768w, https:\/\/maestrazgo.org\/esdi\/wp-content\/uploads\/2024\/08\/cartel-cultura-desde-las-alturas-2024-1086x1536.jpeg 1086w, https:\/\/maestrazgo.org\/esdi\/wp-content\/uploads\/2024\/08\/cartel-cultura-desde-las-alturas-2024-700x990.jpeg 700w, https:\/\/maestrazgo.org\/esdi\/wp-content\/uploads\/2024\/08\/cartel-cultura-desde-las-alturas-2024.jpeg 1131w\" sizes=\"auto, (max-width: 212px) 100vw, 212px\" \/><\/p>\n","protected":false},"excerpt":{"rendered":"<p>La sede de la Asociaci\u00f3n para el Desarrollo del Maestrazgo en Molinos, la entidad organizadora del ciclo \u00abCultura desde las alturas 2024\u00bb, acoge el \u00faltimo evento del ciclo el pr\u00f3ximo domingo 3 de noviembre. El pr\u00f3ximo domingo 3 de noviembre, el sal\u00f3n de actos de&#8230;<\/p>\n","protected":false},"author":2,"featured_media":2783,"comment_status":"open","ping_status":"open","sticky":false,"template":"","format":"standard","meta":{"footnotes":""},"categories":[6,7,8,34,11,29,4],"tags":[170,171,15,155,169,168,13,55],"class_list":["post-2782","post","type-post","status-publish","format-standard","has-post-thumbnail","hentry","category-colaboradores","category-custodiaterritorio","category-despoblacion","category-economiasocial","category-europedirectcaire","category-fondosleader","category-noticias","tag-170","tag-3-de-noviembre","tag-adema","tag-cultura-desde-las-alturas","tag-europe-direct","tag-la-europa-del-aborigen","tag-maestrazgo","tag-molinos"],"_links":{"self":[{"href":"https:\/\/maestrazgo.org\/esdi\/wp-json\/wp\/v2\/posts\/2782","targetHints":{"allow":["GET"]}}],"collection":[{"href":"https:\/\/maestrazgo.org\/esdi\/wp-json\/wp\/v2\/posts"}],"about":[{"href":"https:\/\/maestrazgo.org\/esdi\/wp-json\/wp\/v2\/types\/post"}],"author":[{"embeddable":true,"href":"https:\/\/maestrazgo.org\/esdi\/wp-json\/wp\/v2\/users\/2"}],"replies":[{"embeddable":true,"href":"https:\/\/maestrazgo.org\/esdi\/wp-json\/wp\/v2\/comments?post=2782"}],"version-history":[{"count":1,"href":"https:\/\/maestrazgo.org\/esdi\/wp-json\/wp\/v2\/posts\/2782\/revisions"}],"predecessor-version":[{"id":2784,"href":"https:\/\/maestrazgo.org\/esdi\/wp-json\/wp\/v2\/posts\/2782\/revisions\/2784"}],"wp:featuredmedia":[{"embeddable":true,"href":"https:\/\/maestrazgo.org\/esdi\/wp-json\/wp\/v2\/media\/2783"}],"wp:attachment":[{"href":"https:\/\/maestrazgo.org\/esdi\/wp-json\/wp\/v2\/media?parent=2782"}],"wp:term":[{"taxonomy":"category","embeddable":true,"href":"https:\/\/maestrazgo.org\/esdi\/wp-json\/wp\/v2\/categories?post=2782"},{"taxonomy":"post_tag","embeddable":true,"href":"https:\/\/maestrazgo.org\/esdi\/wp-json\/wp\/v2\/tags?post=2782"}],"curies":[{"name":"wp","href":"https:\/\/api.w.org\/{rel}","templated":true}]}}