{"id":2778,"date":"2024-10-03T14:19:15","date_gmt":"2024-10-03T12:19:15","guid":{"rendered":"https:\/\/maestrazgo.org\/esdi\/?p=2778"},"modified":"2024-10-03T14:19:15","modified_gmt":"2024-10-03T12:19:15","slug":"isabel-marco-actuara-en-montoro-de-mezquita-este-domingo","status":"publish","type":"post","link":"https:\/\/maestrazgo.org\/esdi\/isabel-marco-actuara-en-montoro-de-mezquita-este-domingo\/","title":{"rendered":"Isabel Marco actuar\u00e1 en Montoro de Mezquita este domingo"},"content":{"rendered":"<p align=\"justify\"><img loading=\"lazy\" decoding=\"async\" class=\"size-large wp-image-2773 alignnone\" src=\"https:\/\/maestrazgo.org\/esdi\/wp-content\/uploads\/2024\/09\/cartel-actividades-montoro-de-mezquita-724x1024.jpeg\" alt=\"\" width=\"724\" height=\"1024\" srcset=\"https:\/\/maestrazgo.org\/esdi\/wp-content\/uploads\/2024\/09\/cartel-actividades-montoro-de-mezquita-724x1024.jpeg 724w, https:\/\/maestrazgo.org\/esdi\/wp-content\/uploads\/2024\/09\/cartel-actividades-montoro-de-mezquita-212x300.jpeg 212w, https:\/\/maestrazgo.org\/esdi\/wp-content\/uploads\/2024\/09\/cartel-actividades-montoro-de-mezquita-768x1086.jpeg 768w, https:\/\/maestrazgo.org\/esdi\/wp-content\/uploads\/2024\/09\/cartel-actividades-montoro-de-mezquita-1086x1536.jpeg 1086w, https:\/\/maestrazgo.org\/esdi\/wp-content\/uploads\/2024\/09\/cartel-actividades-montoro-de-mezquita-700x990.jpeg 700w, https:\/\/maestrazgo.org\/esdi\/wp-content\/uploads\/2024\/09\/cartel-actividades-montoro-de-mezquita.jpeg 1131w\" sizes=\"auto, (max-width: 724px) 100vw, 724px\" \/><\/p>\n<p class=\"western\" align=\"justify\"><span style=\"font-family: Lucida Sans, sans-serif;\"><span style=\"font-size: medium;\">La Asociaci\u00f3n para el Desarrollo del Maestrazgo (ADEMA) organiza el ciclo de actividades \u201cCultura desde las alturas\u201d, que este a\u00f1o cumple su segunda edici\u00f3n. El proyecto pretende llevar actividades y acciones culturales a diferentes municipios de la Comarca del Maestrazgo en fechas fuera del periodo veraniego de mayor afluencia, con el objetivo de promover el acceso a los servicios culturales m\u00ednimos de los ciudadanos y vecinos que viven todo el a\u00f1o en los municipios de la Comarca, a trav\u00e9s de una programaci\u00f3n cultural variada y de calidad. <\/span><\/span><\/p>\n<p class=\"western\" align=\"justify\"><span style=\"font-family: Lucida Sans, sans-serif;\"><span style=\"font-size: medium;\">El proyecto pretende construir redes de colaboraci\u00f3n y cooperaci\u00f3n con diferentes administraciones locales y asociaciones para tejer l\u00edneas de colaboraci\u00f3n que ayuden a desarrollar una oferta cultural de calidad en fechas oto\u00f1ales en el Maestrazgo.<\/span><\/span><\/p>\n<p class=\"western\" align=\"justify\"><span style=\"font-family: Lucida Sans, sans-serif;\"><span style=\"font-size: medium;\">En esta segunda edici\u00f3n, se han elaborado diferentes propuestas vinculadas al cine, la m\u00fasica y el conocimiento del medio natural distribuidas en diferentes espacios con un \u201cbalance altamente positivo de p\u00fablico y de impacto en el ecuador de la campa\u00f1a\u201d, como subraya el coordinador de ADEMA, Jorge Abril.<\/span><\/span><\/p>\n<p class=\"western\" lang=\"en-US\" align=\"justify\"><span style=\"font-family: Lucida Sans, sans-serif;\"><span style=\"font-size: medium;\"><span lang=\"es-ES\">El 6 de octubre<\/span> <span lang=\"es-ES\">Montoro de Mezquita es la pr\u00f3xima parada del ciclo cultural con una doble propuesta que combina el conocimiento del medio natural del entorno de Montoro de Mezquita, con la oferta musical de calidad. A<\/span> <span lang=\"es-ES\">las 10 de la ma\u00f1ana se har\u00e1 un recorrido guiado por el entorno del municipio de Montoro de Mezquita y se dar\u00e1n a conocer los diferentes valores naturales, geol\u00f3gicos y medioambientales del Maestrazgo. Esta visita guiada la desarrollar\u00e1 el bi\u00f3logo de Mora de Rubielos Demetrio Vidal<\/span><span lang=\"es-ES\">, que ya fue el encargado de la visita a la Ruta Ornitol\u00f3gica de Allepuz el pasado 22 de Septiembre.<\/span><\/span><\/span><\/p>\n<p class=\"western\" align=\"justify\"><span style=\"font-family: Lucida Sans, sans-serif;\"><span style=\"font-size: medium;\">La entidad ADEMA y la Asociaci\u00f3n para el Desarrollo de Montoro, invitar\u00e1n a una degustaci\u00f3n de productos locales a todos los asistentes a la hora de comer tras la visita guiada.<\/span><\/span><\/p>\n<p class=\"western\" lang=\"en-US\" align=\"justify\"><span style=\"font-family: Lucida Sans, sans-serif;\"><span style=\"font-size: medium;\"><span lang=\"es-ES\">Tras la comida, a las 16.00h la cantante Aragonesa Isabel Marco actuar\u00e1 en las eras de Montoro de Mezquita, en una de las localidades m\u00e1s golpeadas por la despoblaci\u00f3n en Arag\u00f3n. Isabel Marco es natural de Alcorisa y est\u00e1 considerada la artista con mayor proyecci\u00f3n de Arag\u00f3n. Premio Mejor Canci\u00f3n de la M\u00fasica Aragonesa de 2021<\/span> <span lang=\"es-ES\">y <\/span><span lang=\"es-ES\"><u>una de las voces m\u00e1s representativas del arte y la cultura del medio rural,<\/u><\/span> <span lang=\"es-ES\">como lo denomin\u00f3 Ana Blanco en el Telediario de TVE. Isabel Marco plantear\u00e1 el concierto en un marco natural incomparable, donde tocar\u00e1 repertorio centrado en su \u00faltimo disco \u00abSo\u00f1ando alto\u00bb y adem\u00e1s habr\u00e1 alguna sorpresa versionando canciones de Jos\u00e9 Antonio Labordeta, ya que Montoro de Mezquita fue la primera localidad que el cantautor visit\u00f3 hace 30 a\u00f1os en el primer cap\u00edtulo de la serie \u00abUn pa\u00eds en la mochila\u00bb.<\/span><\/span><\/span><\/p>\n<p class=\"western\" align=\"justify\"><span style=\"font-family: Lucida Sans, sans-serif;\"><span style=\"font-size: medium;\">Este proyecto cuenta con la financiaci\u00f3n del Gobierno de Arag\u00f3n a trav\u00e9s de los fondos de cohesi\u00f3n territorial y colabora para organizar el evento la Asociaci\u00f3n para el Desarrollo de Montoro de Mezquita y las Casas Rurales de Montoro de Mezquita.<\/span><\/span><\/p>\n<p align=\"justify\">Contacto para m\u00e1s informaci\u00f3n: Jorge Abril Aznar, coordinador de ADEMA<\/p>\n<p class=\"western\" lang=\"en-US\" style=\"text-align: left;\" align=\"right\"><span style=\"font-family: Calibri, sans-serif;\"><span style=\"font-size: small;\"><span style=\"font-family: Arial, sans-serif;\"><span lang=\"es-ES\"><b>m\u00f3vil 608228548<\/b><\/span><\/span><\/span><\/span><\/p>\n<p class=\"western\" lang=\"en-US\" style=\"text-align: left;\" align=\"right\"><span style=\"font-family: Calibri, sans-serif;\"><span style=\"font-size: small;\"><span style=\"color: #0000ff;\"><u><a href=\"mailto:coordinacion@maestrazgo.org\"><span style=\"font-family: Arial, sans-serif;\"><span lang=\"es-ES\"><b>coordinacion@maestrazgo.org<\/b><\/span><\/span><\/a><\/u><\/span><\/span><\/span><\/p>\n","protected":false},"excerpt":{"rendered":"<p>La Asociaci\u00f3n para el Desarrollo del Maestrazgo (ADEMA) organiza el ciclo de actividades \u201cCultura desde las alturas\u201d, que este a\u00f1o cumple su segunda edici\u00f3n. El proyecto pretende llevar actividades y acciones culturales a diferentes municipios de la Comarca del Maestrazgo en fechas fuera del periodo&#8230;<\/p>\n","protected":false},"author":2,"featured_media":2773,"comment_status":"open","ping_status":"open","sticky":false,"template":"","format":"standard","meta":{"footnotes":""},"categories":[6,7,8,34,4],"tags":[15,33,155,163,166,88,164,51,167,165],"class_list":["post-2778","post","type-post","status-publish","format-standard","has-post-thumbnail","hentry","category-colaboradores","category-custodiaterritorio","category-despoblacion","category-economiasocial","category-noticias","tag-adema","tag-comarca-maestrazgo","tag-cultura-desde-las-alturas","tag-demetrio-vidal","tag-fondos-de-cohesion-territorial","tag-gobierno-de-aragon","tag-isabel-marco","tag-montoro-de-mezquita","tag-musica","tag-naturaleza"],"_links":{"self":[{"href":"https:\/\/maestrazgo.org\/esdi\/wp-json\/wp\/v2\/posts\/2778","targetHints":{"allow":["GET"]}}],"collection":[{"href":"https:\/\/maestrazgo.org\/esdi\/wp-json\/wp\/v2\/posts"}],"about":[{"href":"https:\/\/maestrazgo.org\/esdi\/wp-json\/wp\/v2\/types\/post"}],"author":[{"embeddable":true,"href":"https:\/\/maestrazgo.org\/esdi\/wp-json\/wp\/v2\/users\/2"}],"replies":[{"embeddable":true,"href":"https:\/\/maestrazgo.org\/esdi\/wp-json\/wp\/v2\/comments?post=2778"}],"version-history":[{"count":1,"href":"https:\/\/maestrazgo.org\/esdi\/wp-json\/wp\/v2\/posts\/2778\/revisions"}],"predecessor-version":[{"id":2779,"href":"https:\/\/maestrazgo.org\/esdi\/wp-json\/wp\/v2\/posts\/2778\/revisions\/2779"}],"wp:featuredmedia":[{"embeddable":true,"href":"https:\/\/maestrazgo.org\/esdi\/wp-json\/wp\/v2\/media\/2773"}],"wp:attachment":[{"href":"https:\/\/maestrazgo.org\/esdi\/wp-json\/wp\/v2\/media?parent=2778"}],"wp:term":[{"taxonomy":"category","embeddable":true,"href":"https:\/\/maestrazgo.org\/esdi\/wp-json\/wp\/v2\/categories?post=2778"},{"taxonomy":"post_tag","embeddable":true,"href":"https:\/\/maestrazgo.org\/esdi\/wp-json\/wp\/v2\/tags?post=2778"}],"curies":[{"name":"wp","href":"https:\/\/api.w.org\/{rel}","templated":true}]}}