{"id":2775,"date":"2024-09-26T13:07:42","date_gmt":"2024-09-26T11:07:42","guid":{"rendered":"https:\/\/maestrazgo.org\/esdi\/?p=2775"},"modified":"2024-09-26T13:07:42","modified_gmt":"2024-09-26T11:07:42","slug":"cita-con-labordeta-este-sabado-en-la-iglesuela-del-cid","status":"publish","type":"post","link":"https:\/\/maestrazgo.org\/esdi\/cita-con-labordeta-este-sabado-en-la-iglesuela-del-cid\/","title":{"rendered":"Cita con Labordeta este s\u00e1bado en La Iglesuela del Cid"},"content":{"rendered":"<p><img loading=\"lazy\" decoding=\"async\" class=\"alignleft size-large wp-image-2772\" src=\"https:\/\/maestrazgo.org\/esdi\/wp-content\/uploads\/2024\/09\/cartel-labordeta-iglesuela-del-cid-724x1024.jpeg\" alt=\"\" width=\"724\" height=\"1024\" srcset=\"https:\/\/maestrazgo.org\/esdi\/wp-content\/uploads\/2024\/09\/cartel-labordeta-iglesuela-del-cid-724x1024.jpeg 724w, https:\/\/maestrazgo.org\/esdi\/wp-content\/uploads\/2024\/09\/cartel-labordeta-iglesuela-del-cid-212x300.jpeg 212w, https:\/\/maestrazgo.org\/esdi\/wp-content\/uploads\/2024\/09\/cartel-labordeta-iglesuela-del-cid-768x1086.jpeg 768w, https:\/\/maestrazgo.org\/esdi\/wp-content\/uploads\/2024\/09\/cartel-labordeta-iglesuela-del-cid-1086x1536.jpeg 1086w, https:\/\/maestrazgo.org\/esdi\/wp-content\/uploads\/2024\/09\/cartel-labordeta-iglesuela-del-cid-700x990.jpeg 700w, https:\/\/maestrazgo.org\/esdi\/wp-content\/uploads\/2024\/09\/cartel-labordeta-iglesuela-del-cid.jpeg 1131w\" sizes=\"auto, (max-width: 724px) 100vw, 724px\" \/><\/p>\n<p>&nbsp;<\/p>\n<p>&nbsp;<\/p>\n<p>&nbsp;<\/p>\n<p>&nbsp;<\/p>\n<p>&nbsp;<\/p>\n<p>&nbsp;<\/p>\n<p>&nbsp;<\/p>\n<p>&nbsp;<\/p>\n<p>&nbsp;<\/p>\n<p>&nbsp;<\/p>\n<p>&nbsp;<\/p>\n<p>&nbsp;<\/p>\n<p>&nbsp;<\/p>\n<p>&nbsp;<\/p>\n<p>&nbsp;<\/p>\n<p>&nbsp;<\/p>\n<p>&nbsp;<\/p>\n<p>&nbsp;<\/p>\n<p>&nbsp;<\/p>\n<p>&nbsp;<\/p>\n<p>&nbsp;<\/p>\n<p>&nbsp;<\/p>\n<p>&nbsp;<\/p>\n<p>&nbsp;<\/p>\n<p>&nbsp;<\/p>\n<p>&nbsp;<\/p>\n<p align=\"justify\">El ciclo de actividades \u201cCultura desde las alturas 2024\u201d organizado por la Asociaci\u00f3n para el Desarrollo del Maestrazgo (ADEMA) gracias a la financiaci\u00f3n del Gobierno de Arag\u00f3n, contin\u00faa su andadura.<\/p>\n<p align=\"justify\">Tras el \u00e9xito de la proyecci\u00f3n de la pel\u00edcula \u201cLa estrella azul\u201d en Molinos el pasado 31 de agosto y la inauguraci\u00f3n de la ruta ornitol\u00f3gica de Allepuz el domingo 22 de septiembre, La Iglesuela del Cid acoger\u00e1 el s\u00e1bado 28 de septiembre la proyecci\u00f3n del documental \u201cLabordeta, un hombre sin m\u00e1s\u201d. La proyecci\u00f3n tendr\u00e1 lugar en el sal\u00f3n de actos del antiguo ayuntamiento de La Iglesuela del Cid (Plaza de la Iglesia) a las 19 horas y se podr\u00e1 disfrutar de un coloquio entre los asistentes con el director, Gaizka Urresti.<\/p>\n<p align=\"justify\">El documental se present\u00f3 en 2022, doce a\u00f1os despu\u00e9s del fallecimiento de Labordeta. En \u00e9l conocemos el lado m\u00e1s \u00edntimo y personal del difunto profesor, poeta, pol\u00edtico, cantautor, comunicador y escritor. Su propia familia nos presenta el lado m\u00e1s \u00edntimo del ic\u00f3nico aragon\u00e9s. Un documental que recorre los espacios y momentos que marcaron la vida de Jos\u00e9 Antonio Labordeta y que gan\u00f3 el premio Goya a Mejor Documental en 2023.<\/p>\n<p align=\"justify\">ADEMA, en su ciclo de actividades, ha apostado por llevar cine aragon\u00e9s de calidad a municipios del Maestrazgo. Adem\u00e1s, la Asociaci\u00f3n para el Desarrollo del Maestrazgo plante\u00f3 esta actividad por su vinculaci\u00f3n con otro proyecto que est\u00e1 poniendo en marcha, una ruta a modo de experiencia tur\u00edstica con juegos de pistas, enigmas y etapas a superar por diferentes municipios del Maestrazgo, basado en el paso de Labordeta por el Maestrazgo hace 30 a\u00f1os en el primer cap\u00edtulo de la afamada serie de televisi\u00f3n \u201cUn pa\u00eds en la mochila\u201d. El objetivo principal del proyecto es reencontrarse con la figura de Jos\u00e9 Antonio Labordeta y disfrutar del patrimonio gastron\u00f3mico y cultural de los municipios que visit\u00f3 en el cap\u00edtulo dedicado al Maestrazgo, siendo la \u00faltima parada que realiz\u00f3 La Iglesuela del Cid. Para ello se va a contar con un portal web que plantear\u00e1 las pruebas a resolver, pero la fase de juego solo se activar\u00e1 en el m\u00f3vil cuando el usuario est\u00e9 f\u00edsicamente en la ubicaci\u00f3n correspondiente. Y tambi\u00e9n se ha llegado a acuerdos con establecimientos colaboradores para que sellen el pasaporte de la ruta y verificar que se han completado todas las pruebas. La entidad aprovechar\u00e1 la proyecci\u00f3n del documental el s\u00e1bado 28 de septiembre para explicar las primeras pinceladas del proyecto, que ver\u00e1 la luz en pr\u00f3ximas fechas.<\/p>\n<p align=\"justify\"><b>El ciclo continua los pr\u00f3ximos fines de semana<\/b><\/p>\n<p align=\"justify\">El domingo 6 de octubre se va a programar una doble actividad en Montoro de Mezquita. Por la ma\u00f1ana, una visita guiada vinculada a la ornitolog\u00eda y al patrimonio natural y geol\u00f3gico de Montoro de Mezquita y sus alrededores, y por la tarde un concierto de la cantautora Isabel Marco.<\/p>\n<p align=\"justify\">Los \u00faltimos eventos previstos en el ciclo \u201cCultura desde las alturas\u201d de ADEMA tendr\u00e1n lugar el domingo 20 de octubre, con una actuaci\u00f3n de Toyo Gabarr\u00fas en la ermita de San Crist\u00f3bal de Ca\u00f1ada de Benatanduz, y se finalizar\u00e1 con un evento el domingo 3 de noviembre en la sede de ADEMA en Molinos, con la actuaci\u00f3n de La Europa del Aborigen.<\/p>\n<p align=\"justify\"><img loading=\"lazy\" decoding=\"async\" class=\"alignleft size-large wp-image-2764\" src=\"https:\/\/maestrazgo.org\/esdi\/wp-content\/uploads\/2024\/08\/cartel-cultura-desde-las-alturas-2024-724x1024.jpeg\" alt=\"\" width=\"724\" height=\"1024\" srcset=\"https:\/\/maestrazgo.org\/esdi\/wp-content\/uploads\/2024\/08\/cartel-cultura-desde-las-alturas-2024-724x1024.jpeg 724w, https:\/\/maestrazgo.org\/esdi\/wp-content\/uploads\/2024\/08\/cartel-cultura-desde-las-alturas-2024-212x300.jpeg 212w, https:\/\/maestrazgo.org\/esdi\/wp-content\/uploads\/2024\/08\/cartel-cultura-desde-las-alturas-2024-768x1086.jpeg 768w, https:\/\/maestrazgo.org\/esdi\/wp-content\/uploads\/2024\/08\/cartel-cultura-desde-las-alturas-2024-1086x1536.jpeg 1086w, https:\/\/maestrazgo.org\/esdi\/wp-content\/uploads\/2024\/08\/cartel-cultura-desde-las-alturas-2024-700x990.jpeg 700w, https:\/\/maestrazgo.org\/esdi\/wp-content\/uploads\/2024\/08\/cartel-cultura-desde-las-alturas-2024.jpeg 1131w\" sizes=\"auto, (max-width: 724px) 100vw, 724px\" \/><\/p>\n","protected":false},"excerpt":{"rendered":"<p>&nbsp; &nbsp; &nbsp; &nbsp; &nbsp; &nbsp; &nbsp; &nbsp; &nbsp; &nbsp; &nbsp; &nbsp; &nbsp; &nbsp; &nbsp; &nbsp; &nbsp; &nbsp; &nbsp; &nbsp; &nbsp; &nbsp; &nbsp; &nbsp; &nbsp; &nbsp; El ciclo de actividades \u201cCultura desde las alturas 2024\u201d organizado por la Asociaci\u00f3n para el Desarrollo del Maestrazgo (ADEMA)&#8230;<\/p>\n","protected":false},"author":2,"featured_media":2772,"comment_status":"open","ping_status":"open","sticky":false,"template":"","format":"standard","meta":{"footnotes":""},"categories":[6,8,34,4],"tags":[15,161,33,155,9,160,159,158,162],"class_list":["post-2775","post","type-post","status-publish","format-standard","has-post-thumbnail","hentry","category-colaboradores","category-despoblacion","category-economiasocial","category-noticias","tag-adema","tag-cine","tag-comarca-maestrazgo","tag-cultura-desde-las-alturas","tag-despoblacion","tag-gaizka-urresti","tag-iglesuela-del-cid","tag-labordeta","tag-un-pais-en-la-mochila"],"_links":{"self":[{"href":"https:\/\/maestrazgo.org\/esdi\/wp-json\/wp\/v2\/posts\/2775","targetHints":{"allow":["GET"]}}],"collection":[{"href":"https:\/\/maestrazgo.org\/esdi\/wp-json\/wp\/v2\/posts"}],"about":[{"href":"https:\/\/maestrazgo.org\/esdi\/wp-json\/wp\/v2\/types\/post"}],"author":[{"embeddable":true,"href":"https:\/\/maestrazgo.org\/esdi\/wp-json\/wp\/v2\/users\/2"}],"replies":[{"embeddable":true,"href":"https:\/\/maestrazgo.org\/esdi\/wp-json\/wp\/v2\/comments?post=2775"}],"version-history":[{"count":1,"href":"https:\/\/maestrazgo.org\/esdi\/wp-json\/wp\/v2\/posts\/2775\/revisions"}],"predecessor-version":[{"id":2776,"href":"https:\/\/maestrazgo.org\/esdi\/wp-json\/wp\/v2\/posts\/2775\/revisions\/2776"}],"wp:featuredmedia":[{"embeddable":true,"href":"https:\/\/maestrazgo.org\/esdi\/wp-json\/wp\/v2\/media\/2772"}],"wp:attachment":[{"href":"https:\/\/maestrazgo.org\/esdi\/wp-json\/wp\/v2\/media?parent=2775"}],"wp:term":[{"taxonomy":"category","embeddable":true,"href":"https:\/\/maestrazgo.org\/esdi\/wp-json\/wp\/v2\/categories?post=2775"},{"taxonomy":"post_tag","embeddable":true,"href":"https:\/\/maestrazgo.org\/esdi\/wp-json\/wp\/v2\/tags?post=2775"}],"curies":[{"name":"wp","href":"https:\/\/api.w.org\/{rel}","templated":true}]}}