{"id":2770,"date":"2024-09-19T13:18:38","date_gmt":"2024-09-19T11:18:38","guid":{"rendered":"https:\/\/maestrazgo.org\/esdi\/?p=2770"},"modified":"2024-09-19T13:18:38","modified_gmt":"2024-09-19T11:18:38","slug":"nueva-cita-en-allepuz-el-22-de-septiembre-con-el-ciclo-cultura-desde-las-alturas","status":"publish","type":"post","link":"https:\/\/maestrazgo.org\/esdi\/nueva-cita-en-allepuz-el-22-de-septiembre-con-el-ciclo-cultura-desde-las-alturas\/","title":{"rendered":"Nueva cita en Allepuz el 22 de septiembre con el ciclo \u00abCultura desde las alturas\u00bb"},"content":{"rendered":"<p align=\"justify\"><img loading=\"lazy\" decoding=\"async\" class=\"aligncenter size-large wp-image-2771\" src=\"https:\/\/maestrazgo.org\/esdi\/wp-content\/uploads\/2024\/09\/cartel-ruta-ornitologica-allepuz-22-09-24-1024x1024.jpeg\" alt=\"\" width=\"1024\" height=\"1024\" srcset=\"https:\/\/maestrazgo.org\/esdi\/wp-content\/uploads\/2024\/09\/cartel-ruta-ornitologica-allepuz-22-09-24-1024x1024.jpeg 1024w, https:\/\/maestrazgo.org\/esdi\/wp-content\/uploads\/2024\/09\/cartel-ruta-ornitologica-allepuz-22-09-24-300x300.jpeg 300w, https:\/\/maestrazgo.org\/esdi\/wp-content\/uploads\/2024\/09\/cartel-ruta-ornitologica-allepuz-22-09-24-150x150.jpeg 150w, https:\/\/maestrazgo.org\/esdi\/wp-content\/uploads\/2024\/09\/cartel-ruta-ornitologica-allepuz-22-09-24-768x768.jpeg 768w, https:\/\/maestrazgo.org\/esdi\/wp-content\/uploads\/2024\/09\/cartel-ruta-ornitologica-allepuz-22-09-24-570x570.jpeg 570w, https:\/\/maestrazgo.org\/esdi\/wp-content\/uploads\/2024\/09\/cartel-ruta-ornitologica-allepuz-22-09-24-500x500.jpeg 500w, https:\/\/maestrazgo.org\/esdi\/wp-content\/uploads\/2024\/09\/cartel-ruta-ornitologica-allepuz-22-09-24-1000x1000.jpeg 1000w, https:\/\/maestrazgo.org\/esdi\/wp-content\/uploads\/2024\/09\/cartel-ruta-ornitologica-allepuz-22-09-24-700x700.jpeg 700w, https:\/\/maestrazgo.org\/esdi\/wp-content\/uploads\/2024\/09\/cartel-ruta-ornitologica-allepuz-22-09-24.jpeg 1080w\" sizes=\"auto, (max-width: 1024px) 100vw, 1024px\" \/><\/p>\n<p align=\"justify\">Tras el \u00e9xito de la proyecci\u00f3n de la pel\u00edcula \u201cLa estrella azul\u201d en Molinos el pasado 31 de agosto, el ciclo \u201cCultura desde las alturas 2024\u201d organizado por la Asociaci\u00f3n para el Desarrollo del Maestrazgo (ADEMA) gracias a la financiaci\u00f3n del Gobierno de Arag\u00f3n, contin\u00faa su andadura.<\/p>\n<p align=\"justify\">La siguiente parada ser\u00e1 este pr\u00f3ximo domingo 22 de septiembre, con una convocatoria en Allepuz para recorrer con un gu\u00eda especializado la ruta ornitol\u00f3gica entre Allepuz y G\u00fadar, en la Val de Sollavientos. La convocatoria es gratuita y abierta al p\u00fablico interesado y el punto de partida ser\u00e1 a las 10h en la Ermita de Santa Isabel, para recorrer 5,8 kil\u00f3metros con paneles interpretativos y prism\u00e1ticos para la observaci\u00f3n de aves, acompa\u00f1ados por el bi\u00f3logo Demetrio Vidal.<\/p>\n<p align=\"justify\"><span style=\"color: #000000;\">Demetrio Vidal destac\u00f3 los valores ambientales del territorio y las caracter\u00edsticas especiales de la ruta que podr\u00e1n recorrer el pr\u00f3ximo domingo. \u201cLas partes altas del Maestrazgo y del Parque Cultural del Chopo Cabecero presentan unas caracter\u00edsticas ecol\u00f3gicas singulares al funcionar como una isla eurosiberiana dentro del mundo mediterr\u00e1neo. Esto tiene reflejo en la diversidad de las aves, al albergar numerosas especies t\u00edpicas de zonas m\u00e1s norte\u00f1as, dando gran valor ecol\u00f3gico al territorio. Durante la jornada podremos descubrir alguna de estas aves y su migraci\u00f3n hacia tierras africanas\u201d, se\u00f1al\u00f3 el bi\u00f3logo.<\/span><\/p>\n<p align=\"justify\">Las ruta ornitol\u00f3gica entre Allepuz y G\u00fadar fue el resultado de un proyecto de cooperaci\u00f3n entre particulares financiado por el grupo Leader AGUJAMA, donde participaron los ayuntamientos de G\u00fadar y Allepuz, junto al Parque Cultural del Chopo Cabecero. Se crearon dos itinerarios naturalistas. En la Ruta Ornitol\u00f3gica de Allepuz, el dise\u00f1o y contenido de los paneles fue realizado por Chabier de Jaime Lor\u00e9n como director-gerente del Parque Cultural del Chopo Cabecero del Alto Alfambra, con fotograf\u00edas cedidas por Carlos P\u00e9rez. En el caso de la Ruta de las Mariposas de G\u00fadar Chabier de Jaime Lor\u00e9n tambi\u00e9n se encarg\u00f3 del dise\u00f1o y contenido de los paneles, mientras que las fotograf\u00edas fueron cedidas por Demetrio Vidal.<\/p>\n<p align=\"justify\">La alcaldesa de Allepuz pone en valor la dinamizaci\u00f3n del territorio con las actividades fuera de temporada y la importancia de disponer de este tipo de instalaciones para interpretar el patrimonio local. \u00abEs un privilegio contar con una ruta ornitologica aqu\u00ed en Allepuz. No solo los entendidos van a disfrutar de ella sino que se puede visitar en familia ya que no es una ruta complicada. Todo un placer pasear disfrutando del paisaje del Valle de Sollavientos y escuchando los c\u00e1nticos , cuando llevas un rato te das cuenta de los diferentes p\u00e1jaros que habitan en la ruta. Tenemos que aprovechar los recursos de los que disponemos en nuestro entorno rural y que la gente pueda venir y disfrutar de ellos\u00bb, ha se\u00f1alado Isabel Fern\u00e1ndez.<\/p>\n<p align=\"justify\"><em>M\u00e1s informaci\u00f3n de la actividad de Allepuz:<\/em><\/p>\n<p align=\"justify\">Ubicaci\u00f3n inicio de la ruta para dejar los veh\u00edculos: https:\/\/maps.app.goo.gl\/CT84KnJKikaHEheA6<\/p>\n<p align=\"justify\">Contacto para m\u00e1s informaci\u00f3n: maestrazgoad@gmail.com 608228548<\/p>\n<p align=\"justify\"><b>El ciclo continua los pr\u00f3ximos fines de semana<\/b><\/p>\n<p align=\"justify\"><img loading=\"lazy\" decoding=\"async\" class=\"size-medium wp-image-2772 alignnone\" src=\"https:\/\/maestrazgo.org\/esdi\/wp-content\/uploads\/2024\/09\/cartel-labordeta-iglesuela-del-cid-212x300.jpeg\" alt=\"\" width=\"212\" height=\"300\" srcset=\"https:\/\/maestrazgo.org\/esdi\/wp-content\/uploads\/2024\/09\/cartel-labordeta-iglesuela-del-cid-212x300.jpeg 212w, https:\/\/maestrazgo.org\/esdi\/wp-content\/uploads\/2024\/09\/cartel-labordeta-iglesuela-del-cid-724x1024.jpeg 724w, https:\/\/maestrazgo.org\/esdi\/wp-content\/uploads\/2024\/09\/cartel-labordeta-iglesuela-del-cid-768x1086.jpeg 768w, https:\/\/maestrazgo.org\/esdi\/wp-content\/uploads\/2024\/09\/cartel-labordeta-iglesuela-del-cid-1086x1536.jpeg 1086w, https:\/\/maestrazgo.org\/esdi\/wp-content\/uploads\/2024\/09\/cartel-labordeta-iglesuela-del-cid-700x990.jpeg 700w, https:\/\/maestrazgo.org\/esdi\/wp-content\/uploads\/2024\/09\/cartel-labordeta-iglesuela-del-cid.jpeg 1131w\" sizes=\"auto, (max-width: 212px) 100vw, 212px\" \/><\/p>\n<p align=\"justify\">Tras la cita del pr\u00f3ximo domingo en Allepuz, el ciclo \u201cCultura desde las alturas\u201d de ADEMA har\u00e1 una nueva parada el s\u00e1bado 28 de septiembre en La Iglesuela del Cid, para proyectar el documental \u201cLabordeta: un hombre sin m\u00e1s\u201d de Gaizka Urresti y Paula Labordeta. Adem\u00e1s de apostar por llevar cine de calidad y de la tierra al medio rural, ADEMA plante\u00f3 esta actividad por su vinculaci\u00f3n con otro proyecto que est\u00e1 poniendo en marcha la entidad, una ruta a modo de experiencia tur\u00edstica con juegos de pistas y etapas a superar por diferentes municipios del Maestrazgo, basado en el paso de Labordeta por el Maestrazgo hace 30 a\u00f1os en el primer cap\u00edtulo de la afamada serie de televisi\u00f3n \u201cUn pa\u00eds en la mochila\u201d.<\/p>\n<p align=\"justify\">Por otra parte, el domingo 6 de octubre se va a programar una doble actividad en Montoro de Mezquita. Por la ma\u00f1ana, una visita guiada vinculada a la ornitolog\u00eda y al patrimonio natural y geol\u00f3gico de Montoro de Mezquita y sus alrededores, y por la tarde un concierto de la cantautora Isabel Marco.<\/p>\n<p align=\"justify\"><img loading=\"lazy\" decoding=\"async\" class=\"alignleft size-medium wp-image-2773\" src=\"https:\/\/maestrazgo.org\/esdi\/wp-content\/uploads\/2024\/09\/cartel-actividades-montoro-de-mezquita-212x300.jpeg\" alt=\"\" width=\"212\" height=\"300\" srcset=\"https:\/\/maestrazgo.org\/esdi\/wp-content\/uploads\/2024\/09\/cartel-actividades-montoro-de-mezquita-212x300.jpeg 212w, https:\/\/maestrazgo.org\/esdi\/wp-content\/uploads\/2024\/09\/cartel-actividades-montoro-de-mezquita-724x1024.jpeg 724w, https:\/\/maestrazgo.org\/esdi\/wp-content\/uploads\/2024\/09\/cartel-actividades-montoro-de-mezquita-768x1086.jpeg 768w, https:\/\/maestrazgo.org\/esdi\/wp-content\/uploads\/2024\/09\/cartel-actividades-montoro-de-mezquita-1086x1536.jpeg 1086w, https:\/\/maestrazgo.org\/esdi\/wp-content\/uploads\/2024\/09\/cartel-actividades-montoro-de-mezquita-700x990.jpeg 700w, https:\/\/maestrazgo.org\/esdi\/wp-content\/uploads\/2024\/09\/cartel-actividades-montoro-de-mezquita.jpeg 1131w\" sizes=\"auto, (max-width: 212px) 100vw, 212px\" \/><\/p>\n","protected":false},"excerpt":{"rendered":"<p>Tras el \u00e9xito de la proyecci\u00f3n de la pel\u00edcula \u201cLa estrella azul\u201d en Molinos el pasado 31 de agosto, el ciclo \u201cCultura desde las alturas 2024\u201d organizado por la Asociaci\u00f3n para el Desarrollo del Maestrazgo (ADEMA) gracias a la financiaci\u00f3n del Gobierno de Arag\u00f3n, contin\u00faa&#8230;<\/p>\n","protected":false},"author":2,"featured_media":2771,"comment_status":"open","ping_status":"open","sticky":false,"template":"","format":"standard","meta":{"footnotes":""},"categories":[6,7,8,11,4],"tags":[15,153,156,155,88,13,55,157],"class_list":["post-2770","post","type-post","status-publish","format-standard","has-post-thumbnail","hentry","category-colaboradores","category-custodiaterritorio","category-despoblacion","category-europedirectcaire","category-noticias","tag-adema","tag-allepuz","tag-chopo-cabecero","tag-cultura-desde-las-alturas","tag-gobierno-de-aragon","tag-maestrazgo","tag-molinos","tag-ruta-ornitologica"],"_links":{"self":[{"href":"https:\/\/maestrazgo.org\/esdi\/wp-json\/wp\/v2\/posts\/2770","targetHints":{"allow":["GET"]}}],"collection":[{"href":"https:\/\/maestrazgo.org\/esdi\/wp-json\/wp\/v2\/posts"}],"about":[{"href":"https:\/\/maestrazgo.org\/esdi\/wp-json\/wp\/v2\/types\/post"}],"author":[{"embeddable":true,"href":"https:\/\/maestrazgo.org\/esdi\/wp-json\/wp\/v2\/users\/2"}],"replies":[{"embeddable":true,"href":"https:\/\/maestrazgo.org\/esdi\/wp-json\/wp\/v2\/comments?post=2770"}],"version-history":[{"count":1,"href":"https:\/\/maestrazgo.org\/esdi\/wp-json\/wp\/v2\/posts\/2770\/revisions"}],"predecessor-version":[{"id":2774,"href":"https:\/\/maestrazgo.org\/esdi\/wp-json\/wp\/v2\/posts\/2770\/revisions\/2774"}],"wp:featuredmedia":[{"embeddable":true,"href":"https:\/\/maestrazgo.org\/esdi\/wp-json\/wp\/v2\/media\/2771"}],"wp:attachment":[{"href":"https:\/\/maestrazgo.org\/esdi\/wp-json\/wp\/v2\/media?parent=2770"}],"wp:term":[{"taxonomy":"category","embeddable":true,"href":"https:\/\/maestrazgo.org\/esdi\/wp-json\/wp\/v2\/categories?post=2770"},{"taxonomy":"post_tag","embeddable":true,"href":"https:\/\/maestrazgo.org\/esdi\/wp-json\/wp\/v2\/tags?post=2770"}],"curies":[{"name":"wp","href":"https:\/\/api.w.org\/{rel}","templated":true}]}}