{"id":2763,"date":"2024-08-26T12:44:33","date_gmt":"2024-08-26T10:44:33","guid":{"rendered":"https:\/\/maestrazgo.org\/esdi\/?p=2763"},"modified":"2024-08-26T12:44:33","modified_gmt":"2024-08-26T10:44:33","slug":"adema-organiza-un-ciclo-de-actividades-culturales-en-el-maestrazgo-cultura-desde-las-alturas-2024","status":"publish","type":"post","link":"https:\/\/maestrazgo.org\/esdi\/adema-organiza-un-ciclo-de-actividades-culturales-en-el-maestrazgo-cultura-desde-las-alturas-2024\/","title":{"rendered":"ADEMA organiza un ciclo de actividades culturales en el Maestrazgo. \u00abCultura desde las alturas. 2024\u00bb"},"content":{"rendered":"<p>La Asociaci\u00f3n para el Desarrollo del Maestrazgo es una entidad no lucrativa que trabaja por la promoci\u00f3n y desarrollo sostenible de la Comarca del Maestrazgo Turolense y para ello trabaja con diferentes instrumentos y programas de desarrollo rural de car\u00e1cter regional, nacional y europeo.<br \/>\nADEMA, adem\u00e1s de promover proyectos y programas que fomentan el desarrollo social y econ\u00f3mico de la Comarca del Maestrazgo, tiene una dilatada experiencia en actividades de dinamizaci\u00f3n cultural en zonas rurales con graves problemas de despoblaci\u00f3n, como es el caso de la Comarca del Maestrazgo.<\/p>\n<p><img loading=\"lazy\" decoding=\"async\" class=\"alignnone wp-image-2764 size-large\" src=\"https:\/\/maestrazgo.org\/esdi\/wp-content\/uploads\/2024\/08\/cartel-cultura-desde-las-alturas-2024-724x1024.jpeg\" alt=\"\" width=\"724\" height=\"1024\" srcset=\"https:\/\/maestrazgo.org\/esdi\/wp-content\/uploads\/2024\/08\/cartel-cultura-desde-las-alturas-2024-724x1024.jpeg 724w, https:\/\/maestrazgo.org\/esdi\/wp-content\/uploads\/2024\/08\/cartel-cultura-desde-las-alturas-2024-212x300.jpeg 212w, https:\/\/maestrazgo.org\/esdi\/wp-content\/uploads\/2024\/08\/cartel-cultura-desde-las-alturas-2024-768x1086.jpeg 768w, https:\/\/maestrazgo.org\/esdi\/wp-content\/uploads\/2024\/08\/cartel-cultura-desde-las-alturas-2024-1086x1536.jpeg 1086w, https:\/\/maestrazgo.org\/esdi\/wp-content\/uploads\/2024\/08\/cartel-cultura-desde-las-alturas-2024-700x990.jpeg 700w, https:\/\/maestrazgo.org\/esdi\/wp-content\/uploads\/2024\/08\/cartel-cultura-desde-las-alturas-2024.jpeg 1131w\" sizes=\"auto, (max-width: 724px) 100vw, 724px\" \/><\/p>\n<p>Gracias a la ayuda del fondo de cohesi\u00f3n territorial del Gobierno de Arag\u00f3n, ADEMA ha programado 7 actividades en 6 d\u00edas diferentes, que van a tener lugar entre el 31 de agosto y el 3 de noviembre en cinco municipios del Maestrazgo (ver cartel adjunto). Todas las actividades ser\u00e1n de car\u00e1cter gratuito y acceso libre hasta completar aforo. Cada evento se promocionar\u00e1 de forma independiente en colaboraci\u00f3n con los municipios donde se celebran, para definir adecuadamente la informaci\u00f3n del mismo.<\/p>\n<p>En los foros de debate sobre desarrollo local, se ha interpretado a la cultura como un \u00e1rea secundaria o incluso terciaria proveedora de eventos y servicios, donde los indicadores e impactos sobre el empleo y la econom\u00eda son los verdaderos protagonistas de la pol\u00edtica de desarrollo. Por el contrario, la cultura es un eje necesario y obligado, ya que determina c\u00f3mo se organiza una sociedad, la manera de interrelacionarse y del mismo modo, es un verdadero motor de transformaci\u00f3n y de dinamizaci\u00f3n social, ya que acompa\u00f1a a todos y cada uno de los debates sobre el presente y futuro de nuestros respectivos municipios y comarcas.<\/p>\n<p>Del mismo modo, y en clave de ordenaci\u00f3n territorial, la apuesta por programar contenidos culturales de calidad en espacios rurales de monta\u00f1a ayuda a vertebrar y cohesionar a la comunidad rural, provey\u00e9ndole de servicios y una oferta de calidad, con m\u00e1s importancia a\u00fan si se plantean en fechas fuera de los periodos de verano, donde la oferta de actividades est\u00e1 garantizada con los festejos y semanas culturales organizadas en los peque\u00f1os municipios. No en vano, en el marco de los debates jur\u00eddicos sobre la cultura se apuesta por la puesta en marcha de los Servicios Culturales M\u00ednimos que consoliden el derecho a los habitantes de medio rural a participar de la vida cultural, vivan donde vivan y tengan la renta que tengan. Para poder hacer frente a dichos retos, la puesta en marcha de proyectos culturales transversales e innovadores son elementos clave en el desarrollo de las comunidades rurales, para que puedan disfrutar de su derecho a la cultura y por tanto, contribuir a dise\u00f1ar sociedades mas cohesionadas en el medio rural.<\/p>\n<p>En 2021 ADEMA fue beneficiaria de una ayuda de los fondos de cohesi\u00f3n que contribuy\u00f3 a iniciar el ciclo \u201cCultura desde las alturas\u201d. Se promovieron diferentes actividades que contribuyeron a crear una agenda cultural en fechas desestacionalizadas y por tanto, pudo ayudar a crear una oferta de calidad en el Maestrazgo. La segunda edici\u00f3n del proyecto \u201cCultura desde las alturas\u201d se va a llevar a cabo en 2024 y tiene por objetivo programar cultura en el marco geogr\u00e1fico de la Comarca del Maestrazgo, en municipios y espacios donde es complicado poder acceder a ella. En coordinaci\u00f3n con los Ayuntamientos y entidades no lucrativas vinculadas a la cultura, ADEMA va a llevar cine, m\u00fasica y visitas guiadas del patrimonio natural a varias localizaciones.<\/p>\n<p><strong>CINE Y MEDIO RURAL<\/strong><\/p>\n<p>Se programan dos proyecciones cinematogr\u00e1ficas en <strong>Molinos (31 de agosto)<\/strong> y <strong>La Iglesuela del Cid (28 de septiembre)<\/strong> al aire libre, dos trabajos galardonados y reconocidos que tienen raiz aragonesa como <strong>la pel\u00edcula \u201cLa estrella azul\u201d de Javier Macipe y el documental \u201cLabordeta: un hombre sin m\u00e1s\u201d de Gaizka Urresti<\/strong>. Por un lado, se presta un servicio b\u00e1sico fundamental para el medio rural (como es el caso, de la oferta cinematogr\u00e1fica, muy escasa en peque\u00f1os municipios) y de manera paralela, se colabora con diferentes entidades asociativas que est\u00e1n fomentando acciones y proyectos culturales en el Maestrazgo. En particular, las dos filmaciones propuestas tienen relaci\u00f3n directa e indirecta con el Maestrazgo. Una vecina de Molinos trabaj\u00f3 como ayudante de direcci\u00f3n en la pel\u00edcula \u201cLa Estrella Azul\u201d (primer evento del ciclo, el pr\u00f3ximo s\u00e1bado 31 de agosto) y la proyecci\u00f3n del documental sobre Labordeta pretende ser un homenaje al primer cap\u00edtulo que se grab\u00f3 en el Maestrazgo hace 30 a\u00f1os de la serie de TVE \u201cUn pa\u00eds en la mochila\u201d, promoviendo adem\u00e1s desde ADEMA una ruta relacionada con los lugares que visit\u00f3 Labordeta en ese cap\u00edtulo, que sirva de complemento a la oferta cultural y tur\u00edstica del territorio.<\/p>\n<p><img loading=\"lazy\" decoding=\"async\" class=\"alignnone wp-image-2765 size-large\" src=\"https:\/\/maestrazgo.org\/esdi\/wp-content\/uploads\/2024\/08\/cartel-para-imprimir-724x1024.jpeg\" alt=\"\" width=\"724\" height=\"1024\" srcset=\"https:\/\/maestrazgo.org\/esdi\/wp-content\/uploads\/2024\/08\/cartel-para-imprimir-724x1024.jpeg 724w, https:\/\/maestrazgo.org\/esdi\/wp-content\/uploads\/2024\/08\/cartel-para-imprimir-212x300.jpeg 212w, https:\/\/maestrazgo.org\/esdi\/wp-content\/uploads\/2024\/08\/cartel-para-imprimir-768x1086.jpeg 768w, https:\/\/maestrazgo.org\/esdi\/wp-content\/uploads\/2024\/08\/cartel-para-imprimir-1086x1536.jpeg 1086w, https:\/\/maestrazgo.org\/esdi\/wp-content\/uploads\/2024\/08\/cartel-para-imprimir-700x990.jpeg 700w, https:\/\/maestrazgo.org\/esdi\/wp-content\/uploads\/2024\/08\/cartel-para-imprimir.jpeg 1131w\" sizes=\"auto, (max-width: 724px) 100vw, 724px\" \/><\/p>\n<p><strong>M\u00daSICA Y RECITALES<\/strong><\/p>\n<p>Se programan tres actividades que apuesten por eventos culturales de calidad en peque\u00f1os asentamientos donde no suelen programarse actividades culturales y menos a\u00fan fuera del periodo veraniego; en concreto, llevaremos actuaciones musicales a <strong>Montoro de Mezquita el 6 de octubre (a trav\u00e9s de la cantautora Isabel Marco)<\/strong> y a <strong>Ca\u00f1ada de Benatanduz el 20 de octubre (Toyo Gabarr\u00fas)<\/strong>. Tambi\u00e9n la sede de ADEMA acoger\u00e1 el <strong>concierto-recital de La Europa del Aborigen en Molinos el 3 de noviembre<\/strong>, un tr\u00edo de artistas bajoaragoneses que combinan poes\u00eda, imagen y m\u00fasica. Las tres actuaciones tienen tem\u00e1ticas diferentes, pero est\u00e1n relacionadas con los objetivos y \u00e1reas de trabajo de ADEMA, vinculadas a la lucha contra la despoblaci\u00f3n, el desarrollo sostenible del territorio y la divulgaci\u00f3n de informaci\u00f3n europea.<\/p>\n<p><strong>VISITAS GUIADAS EN EL PATRIMONIO NATURAL<\/strong><\/p>\n<p>Por \u00faltimo, se propone desarrollar dos actividades vinculadas a la divulgaci\u00f3n del patrimonio natural de la Comarca del Maestrazgo, uno de los recursos end\u00f3genos claves del territorio son sus zonas de alto valor natural y alta calidad paisaj\u00edstica, con un alto porcentaje del territorio incluido en la Red Natura 2000, o la declaraci\u00f3n de los cuatro Monumentos Naturales del Maestrazgo y el Geoparque Mundial de la UNESCO. Una actividad se desarrollar\u00e1 en el municipio de <strong>Allepuz (22 de septiembre) para poner en valor la ruta ornitol\u00f3gica desarrollada entre Allepuz y G\u00fadar<\/strong>, una actuaci\u00f3n financiada con fondos LEADER en los \u00faltimos a\u00f1os. Y la segunda actividad se desarrollar\u00e1 en <strong>Montoro de Mezquita (6 de octubre)<\/strong>, en torno al alto valor de sus paisajes, la cercan\u00eda del Monumento Natural de los \u00d3rganos de Montoro y la presencia de grandes rapaces en sus paredes rocosas, una actividad que coincidir\u00e1 en la misma jornada con el concierto de Isabel Marco, ofreciendo una d\u00eda completo de actividades en Montoro de Mezquita, uno de los n\u00facleos de poblaci\u00f3n del Maestrazgo con menos habitantes.<\/p>\n<p><strong>M\u00e1s informaci\u00f3n<\/strong><\/p>\n<p>Las actividades han sido propuestas por el equipo t\u00e9cnico de la Asociaci\u00f3n para el Desarrollo del Maestrazgo y validadas en su junta directiva. Los 7 eventos programados est\u00e1n financiados al 100% por el fondo de cohesi\u00f3n territorial del Gobierno de Arag\u00f3n.<\/p>\n<p>Contactos de los organizadores: Jos\u00e9 Manuel Salvador y Jorge Abril. 978849709 \/ 608228548<\/p>\n<p>coordinacion@maestrazgo.org \/ caire@maestrazgo.org<\/p>\n<p><img loading=\"lazy\" decoding=\"async\" class=\"alignnone wp-image-2766 size-medium\" src=\"https:\/\/maestrazgo.org\/esdi\/wp-content\/uploads\/2024\/08\/firma-adema-europe-direct-maestrazgo-300x180.jpg\" alt=\"\" width=\"300\" height=\"180\" srcset=\"https:\/\/maestrazgo.org\/esdi\/wp-content\/uploads\/2024\/08\/firma-adema-europe-direct-maestrazgo-300x180.jpg 300w, https:\/\/maestrazgo.org\/esdi\/wp-content\/uploads\/2024\/08\/firma-adema-europe-direct-maestrazgo-768x461.jpg 768w, https:\/\/maestrazgo.org\/esdi\/wp-content\/uploads\/2024\/08\/firma-adema-europe-direct-maestrazgo-700x420.jpg 700w, https:\/\/maestrazgo.org\/esdi\/wp-content\/uploads\/2024\/08\/firma-adema-europe-direct-maestrazgo.jpg 770w\" sizes=\"auto, (max-width: 300px) 100vw, 300px\" \/><\/p>\n","protected":false},"excerpt":{"rendered":"<p>La Asociaci\u00f3n para el Desarrollo del Maestrazgo es una entidad no lucrativa que trabaja por la promoci\u00f3n y desarrollo sostenible de la Comarca del Maestrazgo Turolense y para ello trabaja con diferentes instrumentos y programas de desarrollo rural de car\u00e1cter regional, nacional y europeo. ADEMA,&#8230;<\/p>\n","protected":false},"author":2,"featured_media":2764,"comment_status":"open","ping_status":"open","sticky":false,"template":"","format":"standard","meta":{"footnotes":""},"categories":[6,7,8,11,4],"tags":[15,153,113,152,154,13,55,51],"class_list":["post-2763","post","type-post","status-publish","format-standard","has-post-thumbnail","hentry","category-colaboradores","category-custodiaterritorio","category-despoblacion","category-europedirectcaire","category-noticias","tag-adema","tag-allepuz","tag-canada-de-benatanduz","tag-cultura","tag-la-iglesuela-del-cid","tag-maestrazgo","tag-molinos","tag-montoro-de-mezquita"],"_links":{"self":[{"href":"https:\/\/maestrazgo.org\/esdi\/wp-json\/wp\/v2\/posts\/2763","targetHints":{"allow":["GET"]}}],"collection":[{"href":"https:\/\/maestrazgo.org\/esdi\/wp-json\/wp\/v2\/posts"}],"about":[{"href":"https:\/\/maestrazgo.org\/esdi\/wp-json\/wp\/v2\/types\/post"}],"author":[{"embeddable":true,"href":"https:\/\/maestrazgo.org\/esdi\/wp-json\/wp\/v2\/users\/2"}],"replies":[{"embeddable":true,"href":"https:\/\/maestrazgo.org\/esdi\/wp-json\/wp\/v2\/comments?post=2763"}],"version-history":[{"count":1,"href":"https:\/\/maestrazgo.org\/esdi\/wp-json\/wp\/v2\/posts\/2763\/revisions"}],"predecessor-version":[{"id":2767,"href":"https:\/\/maestrazgo.org\/esdi\/wp-json\/wp\/v2\/posts\/2763\/revisions\/2767"}],"wp:featuredmedia":[{"embeddable":true,"href":"https:\/\/maestrazgo.org\/esdi\/wp-json\/wp\/v2\/media\/2764"}],"wp:attachment":[{"href":"https:\/\/maestrazgo.org\/esdi\/wp-json\/wp\/v2\/media?parent=2763"}],"wp:term":[{"taxonomy":"category","embeddable":true,"href":"https:\/\/maestrazgo.org\/esdi\/wp-json\/wp\/v2\/categories?post=2763"},{"taxonomy":"post_tag","embeddable":true,"href":"https:\/\/maestrazgo.org\/esdi\/wp-json\/wp\/v2\/tags?post=2763"}],"curies":[{"name":"wp","href":"https:\/\/api.w.org\/{rel}","templated":true}]}}