{"id":2758,"date":"2024-07-17T12:42:00","date_gmt":"2024-07-17T10:42:00","guid":{"rendered":"https:\/\/maestrazgo.org\/esdi\/?p=2758"},"modified":"2024-07-17T12:42:00","modified_gmt":"2024-07-17T10:42:00","slug":"segunda-parada-de-la-exposicion-sobre-sorolla-cantavieja-del-19-al-26-de-julio","status":"publish","type":"post","link":"https:\/\/maestrazgo.org\/esdi\/segunda-parada-de-la-exposicion-sobre-sorolla-cantavieja-del-19-al-26-de-julio\/","title":{"rendered":"Segunda parada de la exposici\u00f3n sobre Sorolla: Cantavieja, del 19 al 26 de julio."},"content":{"rendered":"<p><img loading=\"lazy\" decoding=\"async\" class=\"alignnone wp-image-2759 size-large\" src=\"https:\/\/maestrazgo.org\/esdi\/wp-content\/uploads\/2024\/07\/WhatsApp-Image-2024-07-17-at-11.50.27-724x1024.jpeg\" alt=\"\" width=\"724\" height=\"1024\" srcset=\"https:\/\/maestrazgo.org\/esdi\/wp-content\/uploads\/2024\/07\/WhatsApp-Image-2024-07-17-at-11.50.27-724x1024.jpeg 724w, https:\/\/maestrazgo.org\/esdi\/wp-content\/uploads\/2024\/07\/WhatsApp-Image-2024-07-17-at-11.50.27-212x300.jpeg 212w, https:\/\/maestrazgo.org\/esdi\/wp-content\/uploads\/2024\/07\/WhatsApp-Image-2024-07-17-at-11.50.27-768x1086.jpeg 768w, https:\/\/maestrazgo.org\/esdi\/wp-content\/uploads\/2024\/07\/WhatsApp-Image-2024-07-17-at-11.50.27-1086x1536.jpeg 1086w, https:\/\/maestrazgo.org\/esdi\/wp-content\/uploads\/2024\/07\/WhatsApp-Image-2024-07-17-at-11.50.27-700x990.jpeg 700w, https:\/\/maestrazgo.org\/esdi\/wp-content\/uploads\/2024\/07\/WhatsApp-Image-2024-07-17-at-11.50.27.jpeg 1131w\" sizes=\"auto, (max-width: 724px) 100vw, 724px\" \/><\/p>\n<p><strong>SOROLLA ATERRIZA EN CANTAVIEJA<\/strong><\/p>\n<p>El viernes 19 de julio a las 19:30 h la Asociaci\u00f3n para el Desarrollo del Maestrazgo ADEMA y Fundaci\u00f3n Cultura en Vena presenta en el Sal\u00f3n de Plenos del Ayuntamiento de Cantavieja la exposici\u00f3n itinerante \u00ab\u00bfSorolla en un hospital?\u00bb, que estar\u00e1 disponible para vecinos y visitantes desde el 19 de Julio hasta el 26 de julio.<\/p>\n<p>El acto comenzar\u00e1 a las 19:30h con una visita mediada breve a la exposici\u00f3n \u00bfSorolla en un hospital? A continuaci\u00f3n, contaremos con las intervenciones de:<\/p>\n<p>Fernando Safont (Presidente de la Comarca del Maestrazgo)<br \/>\nRoberto Rabaza (Consejero de patrimonio de la Comarca del Maestrazgo y Presidente de ADEMA)<br \/>\nRicardo Altab\u00e1s (Alcalde de Cantavieja )<\/p>\n<p>La exposici\u00f3n, que recoge una muestra significativa de la obra del pintor valenciano, podr\u00e1 visitarse del 19 de Julio al 26 de julio en Cantavieja.<\/p>\n<p>Esta exposici\u00f3n forma parte del programa Arte Ambulatorio de Cultura en Vena, que busca acercar las artes al entorno hospitalario y a comunidades rurales en riesgo de despoblaci\u00f3n, para contribuir a la dinamizaci\u00f3n territorial. En esta ocasi\u00f3n, lo hace de la mano de la Asociaci\u00f3n para el Desarrollo del Maestrazgo (ADEMA) como agente territorial para promover la cultura en el medio rural y acercar las colecciones de los grandes museos nacionales al territorio a trav\u00e9s de propuestas culturales y art\u00edsticas innovadoras.<br \/>\nEsta exposici\u00f3n itinerante con reproducciones y explicaciones de la obra y trayectoria de Sorolla ya ha estado ubicada en la localidad de Molinos durante la primera quincena de julio en la sede de la Asociaci\u00f3n para el Desarrollo del Maestrazgo y ahora se traslada a la capital de la Comarca del Maestrazgo, Cantavieja, lugar de nacimiento del padre del maestro valenciano.<\/p>\n<div id=\"attachment_2760\" style=\"width: 1034px\" class=\"wp-caption aligncenter\"><img loading=\"lazy\" decoding=\"async\" aria-describedby=\"caption-attachment-2760\" class=\"wp-image-2760 size-large\" src=\"https:\/\/maestrazgo.org\/esdi\/wp-content\/uploads\/2024\/07\/WhatsApp-Image-2024-07-16-at-13.17.11-1024x236.jpeg\" alt=\"\" width=\"1024\" height=\"236\" srcset=\"https:\/\/maestrazgo.org\/esdi\/wp-content\/uploads\/2024\/07\/WhatsApp-Image-2024-07-16-at-13.17.11-1024x236.jpeg 1024w, https:\/\/maestrazgo.org\/esdi\/wp-content\/uploads\/2024\/07\/WhatsApp-Image-2024-07-16-at-13.17.11-300x69.jpeg 300w, https:\/\/maestrazgo.org\/esdi\/wp-content\/uploads\/2024\/07\/WhatsApp-Image-2024-07-16-at-13.17.11-768x177.jpeg 768w, https:\/\/maestrazgo.org\/esdi\/wp-content\/uploads\/2024\/07\/WhatsApp-Image-2024-07-16-at-13.17.11-1536x353.jpeg 1536w, https:\/\/maestrazgo.org\/esdi\/wp-content\/uploads\/2024\/07\/WhatsApp-Image-2024-07-16-at-13.17.11-700x161.jpeg 700w, https:\/\/maestrazgo.org\/esdi\/wp-content\/uploads\/2024\/07\/WhatsApp-Image-2024-07-16-at-13.17.11.jpeg 1600w\" sizes=\"auto, (max-width: 1024px) 100vw, 1024px\" \/><p id=\"caption-attachment-2760\" class=\"wp-caption-text\">Panor\u00e1mica de la exposici\u00f3n en la sede de ADEMA (Molinos, Teruel)<\/p><\/div>\n<p><strong>SOBRE LA EXPOSICI\u00d3N<\/strong><br \/>\nEsta muestra propone abrir un espacio de reflexi\u00f3n a trav\u00e9s de una mirada contempor\u00e1nea y po\u00e9tica sobre las obras del pintor valenciano. Est\u00e1 concebida para que los espectadores puedan atravesar sus recuerdos, emociones y vivencias a trav\u00e9s de los lienzos de Sorolla. Cabe recordar que Joaqu\u00edn Sorolla ten\u00eda unas ra\u00edces aragonesas, ya que su padre Joaqu\u00edn Sorolla Gasc\u00f3n naci\u00f3 en la capital del Maestrazgo, Cantavieja.<br \/>\nLa exposici\u00f3n, concebida para todo tipo de p\u00fablicos, cuenta con reproducciones cedidas por el Museo Sorolla, Museo del Prado, Museo Carmen Thyssen M\u00e1laga, Museo de Bellas Artes de Asturias, Museo d\u2019Orsay (Par\u00eds), Galleria Internazionale d\u2019Arte Moderna (Venecia) y la Hispanic Society of America (Nueva York).<br \/>\nLa exposici\u00f3n es posible gracias al apoyo de The Edmond de Rothschild Foundations y Reale Foundation.<\/p>\n<p>Con el objetivo de explicar el contenido de la exposici\u00f3n a los visitantes, se van a desarrollar dos sesiones guiadas de la exposici\u00f3n para acercar el contexto hist\u00f3rico- art\u00edstico del pintor, sus fases de creaci\u00f3n y el universo sensorial que provocan el arte de Joaqu\u00edn Sorolla . El mediador cultural ser\u00e1 Jorge Abril, historiador y coordinador de ADEMA y los horarios de mediaci\u00f3n ser\u00e1n los siguientes:<br \/>\nViernes 19 de Julio a las 19.30 horas<br \/>\nViernes 26 de Julio a las 11.00 horas<\/p>\n<p>La itinerancia de la exposici\u00f3n es posible gracias al apoyo del Ministerio para la Transici\u00f3n Ecol\u00f3gica y el Reto Demogr\u00e1fico y la colaboraci\u00f3n de la Asociaci\u00f3n para el Desarrollo del Maestrazgo, la Comarca del Maestrazgo y el Ayuntamiento de Cantavieja.<\/p>\n<p><img loading=\"lazy\" decoding=\"async\" class=\"wp-image-2748 size-full aligncenter\" src=\"https:\/\/maestrazgo.org\/esdi\/wp-content\/uploads\/2024\/06\/sorolla-en-un-hospital.png\" alt=\"\" width=\"734\" height=\"368\" srcset=\"https:\/\/maestrazgo.org\/esdi\/wp-content\/uploads\/2024\/06\/sorolla-en-un-hospital.png 734w, https:\/\/maestrazgo.org\/esdi\/wp-content\/uploads\/2024\/06\/sorolla-en-un-hospital-300x150.png 300w, https:\/\/maestrazgo.org\/esdi\/wp-content\/uploads\/2024\/06\/sorolla-en-un-hospital-700x351.png 700w\" sizes=\"auto, (max-width: 734px) 100vw, 734px\" \/><\/p>\n<p><strong>SOBRE CULTURA EN VENA<\/strong><br \/>\nAunque fue oficialmente creada en 2019, su equipo directivo cuenta con m\u00e1s de veinte a\u00f1os de experiencia en el mundo de la cultura y una d\u00e9cada en su promoci\u00f3n en el \u00e1mbito hospitalario. Entre los proyectos de Cultura en Vena destacan Arte Ambulatorio (exposiciones itinerantes en hospitales y medio rural), Proyecto MIR (M\u00fasicos Internos Residentes en hospitales), V\u016blnera (experiencias culturales para profesionales sanitarios), Peque\u00f1os pacientes, grandes lectores (programa de incentivo a la lectura y escritura para pacientes pedi\u00e1tricos) o \u00c9rase una voz (programa de narraci\u00f3n oral en aulas hospitalarias, amadrinado por Irene Vallejo), entre otros.<br \/>\nM\u00e1s informaci\u00f3n en: www.culturaenvena.org<\/p>\n<p><strong>SOBRE ADEMA<\/strong><br \/>\nEs una entidad no lucrativa de desarrollo rural que promueve programas e iniciativas de desarrollo rural sostenible en la Comarca del Maestrazgo. Gestiona diferentes iniciativas de desarrollo rural \u2013 programa LEADER, Europe Direct Maestrazgo, Red Arce- y tiene su sede en la localidad de Molinos, donde tiene diferentes empresas y entidades alojadas en su sede.<br \/>\nDesde hace muchos a\u00f1os la entidad apuesta por integrar a la cultura y el patrimonio en los proyectos de desarrollo rural y es entidad colaboradora del proyecto promovido por la Fundaci\u00f3n Cultura en Vena<br \/>\nM\u00e1s informaci\u00f3n en: www.maestrazgo.org<\/p>\n<p><strong>CONTACTO PARA M\u00c1S INFORMACI\u00d3N<\/strong><\/p>\n<p>Acto inaugural \u00bfSorolla en un hospital?<br \/>\nD\u00eda y hora: Viernes 19 julio a las 19:30 h<br \/>\nLugar: Plaza de Cristo Rey (sal\u00f3n del Ayuntamiento de Cantavieja) ,<br \/>\nConfirmaci\u00f3n de asistencia coordinacion@maestrazgo.org \/676424168 (Jorge Abril Aznar)<\/p>\n","protected":false},"excerpt":{"rendered":"<p>SOROLLA ATERRIZA EN CANTAVIEJA El viernes 19 de julio a las 19:30 h la Asociaci\u00f3n para el Desarrollo del Maestrazgo ADEMA y Fundaci\u00f3n Cultura en Vena presenta en el Sal\u00f3n de Plenos del Ayuntamiento de Cantavieja la exposici\u00f3n itinerante \u00ab\u00bfSorolla en un hospital?\u00bb, que estar\u00e1&#8230;<\/p>\n","protected":false},"author":2,"featured_media":2759,"comment_status":"open","ping_status":"open","sticky":false,"template":"","format":"standard","meta":{"footnotes":""},"categories":[6,34,4],"tags":[],"class_list":["post-2758","post","type-post","status-publish","format-standard","has-post-thumbnail","hentry","category-colaboradores","category-economiasocial","category-noticias"],"_links":{"self":[{"href":"https:\/\/maestrazgo.org\/esdi\/wp-json\/wp\/v2\/posts\/2758","targetHints":{"allow":["GET"]}}],"collection":[{"href":"https:\/\/maestrazgo.org\/esdi\/wp-json\/wp\/v2\/posts"}],"about":[{"href":"https:\/\/maestrazgo.org\/esdi\/wp-json\/wp\/v2\/types\/post"}],"author":[{"embeddable":true,"href":"https:\/\/maestrazgo.org\/esdi\/wp-json\/wp\/v2\/users\/2"}],"replies":[{"embeddable":true,"href":"https:\/\/maestrazgo.org\/esdi\/wp-json\/wp\/v2\/comments?post=2758"}],"version-history":[{"count":1,"href":"https:\/\/maestrazgo.org\/esdi\/wp-json\/wp\/v2\/posts\/2758\/revisions"}],"predecessor-version":[{"id":2761,"href":"https:\/\/maestrazgo.org\/esdi\/wp-json\/wp\/v2\/posts\/2758\/revisions\/2761"}],"wp:featuredmedia":[{"embeddable":true,"href":"https:\/\/maestrazgo.org\/esdi\/wp-json\/wp\/v2\/media\/2759"}],"wp:attachment":[{"href":"https:\/\/maestrazgo.org\/esdi\/wp-json\/wp\/v2\/media?parent=2758"}],"wp:term":[{"taxonomy":"category","embeddable":true,"href":"https:\/\/maestrazgo.org\/esdi\/wp-json\/wp\/v2\/categories?post=2758"},{"taxonomy":"post_tag","embeddable":true,"href":"https:\/\/maestrazgo.org\/esdi\/wp-json\/wp\/v2\/tags?post=2758"}],"curies":[{"name":"wp","href":"https:\/\/api.w.org\/{rel}","templated":true}]}}