{"id":2745,"date":"2024-06-21T11:17:27","date_gmt":"2024-06-21T09:17:27","guid":{"rendered":"https:\/\/maestrazgo.org\/esdi\/?p=2745"},"modified":"2024-07-01T11:11:07","modified_gmt":"2024-07-01T09:11:07","slug":"sorolla-aterriza-en-molinos-del-28-de-junio-al-10-de-julio","status":"publish","type":"post","link":"https:\/\/maestrazgo.org\/esdi\/sorolla-aterriza-en-molinos-del-28-de-junio-al-10-de-julio\/","title":{"rendered":"Sorolla aterriza en Molinos del 28 de junio al 10 de julio"},"content":{"rendered":"<p><img loading=\"lazy\" decoding=\"async\" class=\"alignnone wp-image-2746 size-large\" src=\"https:\/\/maestrazgo.org\/esdi\/wp-content\/uploads\/2024\/06\/MOLINOS-DIN-724x1024.png\" alt=\"\" width=\"724\" height=\"1024\" srcset=\"https:\/\/maestrazgo.org\/esdi\/wp-content\/uploads\/2024\/06\/MOLINOS-DIN-724x1024.png 724w, https:\/\/maestrazgo.org\/esdi\/wp-content\/uploads\/2024\/06\/MOLINOS-DIN-212x300.png 212w, https:\/\/maestrazgo.org\/esdi\/wp-content\/uploads\/2024\/06\/MOLINOS-DIN-768x1086.png 768w, https:\/\/maestrazgo.org\/esdi\/wp-content\/uploads\/2024\/06\/MOLINOS-DIN-1086x1536.png 1086w, https:\/\/maestrazgo.org\/esdi\/wp-content\/uploads\/2024\/06\/MOLINOS-DIN-1448x2048.png 1448w, https:\/\/maestrazgo.org\/esdi\/wp-content\/uploads\/2024\/06\/MOLINOS-DIN-700x990.png 700w, https:\/\/maestrazgo.org\/esdi\/wp-content\/uploads\/2024\/06\/MOLINOS-DIN.png 1556w\" sizes=\"auto, (max-width: 724px) 100vw, 724px\" \/><\/p>\n<p>El s\u00e1bado 6 de julio a las 18:00 h la Fundaci\u00f3n Cultura en Vena presenta en la Plaza Mayor de Molinos la <strong>exposici\u00f3n itinerante \u00bfSorolla en un hospital?<\/strong> que estar\u00e1 desde el 28 de junio hasta el 10 de julio.<\/p>\n<p>El acto comenzar\u00e1 a las 18:00 con una visita mediada breve a la exposici\u00f3n \u00bfSorolla en un hospital?. A continuaci\u00f3n, contaremos con las intervenciones de:<br \/>\nJuan Alberto Garc\u00eda de Cubas (presidente y fundador de Cultura en Vena)<br \/>\nFernando Safont (Presidente de la Comarca del Maestrazgo)<br \/>\nRoberto Rabaza (Consejero de patrimonio de la Comarca del Maestrazgo y Presidente de ADEMA)<br \/>\nDavid Ferrer (Alcalde de Molinos)<\/p>\n<p>La exposici\u00f3n, que recoge una muestra significativa de la obra del pintor valenciano, quedar\u00e1 a disposici\u00f3n de los\/as vecinos\/as y visitantes del 28 de junio al 10 de julio.<\/p>\n<p><img loading=\"lazy\" decoding=\"async\" class=\"alignnone size-medium wp-image-2748\" src=\"https:\/\/maestrazgo.org\/esdi\/wp-content\/uploads\/2024\/06\/sorolla-en-un-hospital-300x150.png\" alt=\"\" width=\"300\" height=\"150\" srcset=\"https:\/\/maestrazgo.org\/esdi\/wp-content\/uploads\/2024\/06\/sorolla-en-un-hospital-300x150.png 300w, https:\/\/maestrazgo.org\/esdi\/wp-content\/uploads\/2024\/06\/sorolla-en-un-hospital-700x351.png 700w, https:\/\/maestrazgo.org\/esdi\/wp-content\/uploads\/2024\/06\/sorolla-en-un-hospital.png 734w\" sizes=\"auto, (max-width: 300px) 100vw, 300px\" \/><\/p>\n<p>Esta exposici\u00f3n forma parte del programa Arte Ambulatorio de Cultura en Vena, que busca acercar las artes al entorno hospitalario y a comunidades rurales en riesgo de despoblaci\u00f3n, para contribuir a la dinamizaci\u00f3n territorial. En esta ocasi\u00f3n, lo hace de la mano de la Asociaci\u00f3n para el Desarrollo del Maestrazgo ADEMA como agente territorial para promover la cultura en el medio rural y acercar las colecciones de los grandes museos nacionales al territorio a trav\u00e9s de propuestas culturales y art\u00edsticas innovadoras.<\/p>\n<p><img loading=\"lazy\" decoding=\"async\" class=\"alignnone size-medium wp-image-2747\" src=\"https:\/\/maestrazgo.org\/esdi\/wp-content\/uploads\/2024\/06\/sorolla-en-un-hospital-2-300x203.jpg\" alt=\"\" width=\"300\" height=\"203\" srcset=\"https:\/\/maestrazgo.org\/esdi\/wp-content\/uploads\/2024\/06\/sorolla-en-un-hospital-2-300x203.jpg 300w, https:\/\/maestrazgo.org\/esdi\/wp-content\/uploads\/2024\/06\/sorolla-en-un-hospital-2.jpg 583w\" sizes=\"auto, (max-width: 300px) 100vw, 300px\" \/><br \/>\nEn el marco del centenario de la muerte de Sorolla, la exposici\u00f3n comenz\u00f3 su recorrido en agosto de 2023 visitando municipios de menos de cien habitantes de la Comunidad Valenciana. Dentro del programa Arte Ambulatorio, los visitantes y residentes podr\u00e1n disfrutar de la exposici\u00f3n, que contar\u00e1 con mediaciones culturales y del concierto Sorolla: Un imaginario musical, a cargo de la pianista Marta Espin\u00f3s el s\u00e1bado 6 de julio.<\/p>\n<p><img loading=\"lazy\" decoding=\"async\" class=\"alignnone size-medium wp-image-2742\" src=\"https:\/\/maestrazgo.org\/esdi\/wp-content\/uploads\/2024\/04\/cartel-ciclo-musica-y-palabra-212x300.jpeg\" alt=\"\" width=\"212\" height=\"300\" srcset=\"https:\/\/maestrazgo.org\/esdi\/wp-content\/uploads\/2024\/04\/cartel-ciclo-musica-y-palabra-212x300.jpeg 212w, https:\/\/maestrazgo.org\/esdi\/wp-content\/uploads\/2024\/04\/cartel-ciclo-musica-y-palabra-724x1024.jpeg 724w, https:\/\/maestrazgo.org\/esdi\/wp-content\/uploads\/2024\/04\/cartel-ciclo-musica-y-palabra-768x1086.jpeg 768w, https:\/\/maestrazgo.org\/esdi\/wp-content\/uploads\/2024\/04\/cartel-ciclo-musica-y-palabra-1086x1536.jpeg 1086w, https:\/\/maestrazgo.org\/esdi\/wp-content\/uploads\/2024\/04\/cartel-ciclo-musica-y-palabra-700x990.jpeg 700w, https:\/\/maestrazgo.org\/esdi\/wp-content\/uploads\/2024\/04\/cartel-ciclo-musica-y-palabra.jpeg 1131w\" sizes=\"auto, (max-width: 212px) 100vw, 212px\" \/><\/p>\n<p>SOBRE LA EXPOSICI\u00d3N<br \/>\nEsta muestra propone abrir un espacio de reflexi\u00f3n a trav\u00e9s de una mirada contempor\u00e1nea y po\u00e9tica sobre las obras del pintor valenciano. Est\u00e1 concebida para que los espectadores puedan atravesar sus recuerdos, emociones y vivencias a trav\u00e9s de los lienzos de Sorolla. Cabe recordar que Joaqu\u00edn Sorolla ten\u00eda unas ra\u00edces aragonesas, ya que su padre Joaqu\u00edn Sorolla Gasc\u00f3n naci\u00f3 en la capital del Maestrazgo, Cantavieja. La itinerancia es posible gracias al apoyo del Ministerio para la Transici\u00f3n Ecol\u00f3gica y el Reto Demogr\u00e1fico y la colaboraci\u00f3n de la Asociaci\u00f3n para el Desarrollo del Maestrazgo ADEMA, La Comarca del Maestrazgo y el Ayuntamiento de Molinos.<\/p>\n<p>La exposici\u00f3n, concebida para todo tipo de p\u00fablicos, cuenta con reproducciones cedidas por el Museo Sorolla, Museo del Prado, Museo Carmen Thyssen M\u00e1laga, Museo de Bellas Artes de Asturias, Museo d\u2019Orsay (Par\u00eds), Galleria Internazionale d\u2019Arte Moderna (Venecia) y la Hispanic Society of America (Nueva York).<br \/>\nLa exposici\u00f3n es posible gracias al apoyo de The Edmond de Rothschild Foundations y Reale Foundation.<\/p>\n<p>SOBRE CULTURA EN VENA<br \/>\nAunque fue oficialmente creada en 2019, su equipo directivo cuenta con m\u00e1s de veinte a\u00f1os de experiencia en el mundo de la cultura y una d\u00e9cada en su promoci\u00f3n en el \u00e1mbito hospitalario. Entre los proyectos de Cultura en Vena destacan Arte Ambulatorio (exposiciones itinerantes en hospitales y medio rural), Proyecto MIR (M\u00fasicos Internos Residentes en hospitales), V\u016blnera (experiencias culturales para profesionales sanitarios), Peque\u00f1os pacientes, grandes lectores (programa de incentivo a la lectura y escritura para pacientes pedi\u00e1tricos) o \u00c9rase una voz (programa de narraci\u00f3n oral en aulas hospitalarias, amadrinado por Irene Vallejo), entre otros.<br \/>\nM\u00e1s informaci\u00f3n en: www.culturaenvena.org<\/p>\n<p>SOBRE ADEMA<br \/>\nEs una entidad no lucrativa de desarrollo rural que promueve programas e iniciativas de desarrollo rural sostenible en la Comarca del Maestrazgo. Gestiona diferentes iniciativas de desarrollo rural \u2013 programa LEADER, Europe Direct Maestrazgo, Red Arce- y tiene su sede en la localidad de Molinos, donde tiene diferentes empresas y entidades alojadas en su sede.<br \/>\nDesde hace muchos a\u00f1os la entidad apuesta por integrar a la cultura y el patrimonio en los proyectos de desarrollo rural y es entidad colaboradora del proyecto promovido por la Fundaci\u00f2n Cultura en Vena<\/p>\n<p>28-29 DE JUNIO: IM\u00c1GENES DE LA EXPOSICI\u00d3N Y LA VISITA CON MEDIADORES CULTURALES<\/p>\n<p><img loading=\"lazy\" decoding=\"async\" class=\"alignnone size-medium wp-image-2751\" src=\"https:\/\/maestrazgo.org\/esdi\/wp-content\/uploads\/2024\/06\/WhatsApp-Image-2024-07-01-at-11.07.54-300x169.jpeg\" alt=\"\" width=\"300\" height=\"169\" srcset=\"https:\/\/maestrazgo.org\/esdi\/wp-content\/uploads\/2024\/06\/WhatsApp-Image-2024-07-01-at-11.07.54-300x169.jpeg 300w, https:\/\/maestrazgo.org\/esdi\/wp-content\/uploads\/2024\/06\/WhatsApp-Image-2024-07-01-at-11.07.54-1024x576.jpeg 1024w, https:\/\/maestrazgo.org\/esdi\/wp-content\/uploads\/2024\/06\/WhatsApp-Image-2024-07-01-at-11.07.54-768x432.jpeg 768w, https:\/\/maestrazgo.org\/esdi\/wp-content\/uploads\/2024\/06\/WhatsApp-Image-2024-07-01-at-11.07.54-1536x864.jpeg 1536w, https:\/\/maestrazgo.org\/esdi\/wp-content\/uploads\/2024\/06\/WhatsApp-Image-2024-07-01-at-11.07.54-700x394.jpeg 700w, https:\/\/maestrazgo.org\/esdi\/wp-content\/uploads\/2024\/06\/WhatsApp-Image-2024-07-01-at-11.07.54-539x303.jpeg 539w, https:\/\/maestrazgo.org\/esdi\/wp-content\/uploads\/2024\/06\/WhatsApp-Image-2024-07-01-at-11.07.54.jpeg 2040w\" sizes=\"auto, (max-width: 300px) 100vw, 300px\" \/> <img loading=\"lazy\" decoding=\"async\" class=\"alignnone size-medium wp-image-2752\" src=\"https:\/\/maestrazgo.org\/esdi\/wp-content\/uploads\/2024\/06\/WhatsApp-Image-2024-06-28-at-19.12.21-300x169.jpeg\" alt=\"\" width=\"300\" height=\"169\" srcset=\"https:\/\/maestrazgo.org\/esdi\/wp-content\/uploads\/2024\/06\/WhatsApp-Image-2024-06-28-at-19.12.21-300x169.jpeg 300w, https:\/\/maestrazgo.org\/esdi\/wp-content\/uploads\/2024\/06\/WhatsApp-Image-2024-06-28-at-19.12.21-1024x576.jpeg 1024w, https:\/\/maestrazgo.org\/esdi\/wp-content\/uploads\/2024\/06\/WhatsApp-Image-2024-06-28-at-19.12.21-768x432.jpeg 768w, https:\/\/maestrazgo.org\/esdi\/wp-content\/uploads\/2024\/06\/WhatsApp-Image-2024-06-28-at-19.12.21-1536x864.jpeg 1536w, https:\/\/maestrazgo.org\/esdi\/wp-content\/uploads\/2024\/06\/WhatsApp-Image-2024-06-28-at-19.12.21-700x394.jpeg 700w, https:\/\/maestrazgo.org\/esdi\/wp-content\/uploads\/2024\/06\/WhatsApp-Image-2024-06-28-at-19.12.21-539x303.jpeg 539w, https:\/\/maestrazgo.org\/esdi\/wp-content\/uploads\/2024\/06\/WhatsApp-Image-2024-06-28-at-19.12.21.jpeg 2040w\" sizes=\"auto, (max-width: 300px) 100vw, 300px\" \/> <img loading=\"lazy\" decoding=\"async\" class=\"alignnone size-medium wp-image-2754\" src=\"https:\/\/maestrazgo.org\/esdi\/wp-content\/uploads\/2024\/06\/WhatsApp-Image-2024-06-28-at-18.51.52-300x169.jpeg\" alt=\"\" width=\"300\" height=\"169\" srcset=\"https:\/\/maestrazgo.org\/esdi\/wp-content\/uploads\/2024\/06\/WhatsApp-Image-2024-06-28-at-18.51.52-300x169.jpeg 300w, https:\/\/maestrazgo.org\/esdi\/wp-content\/uploads\/2024\/06\/WhatsApp-Image-2024-06-28-at-18.51.52-1024x576.jpeg 1024w, https:\/\/maestrazgo.org\/esdi\/wp-content\/uploads\/2024\/06\/WhatsApp-Image-2024-06-28-at-18.51.52-768x432.jpeg 768w, https:\/\/maestrazgo.org\/esdi\/wp-content\/uploads\/2024\/06\/WhatsApp-Image-2024-06-28-at-18.51.52-1536x864.jpeg 1536w, https:\/\/maestrazgo.org\/esdi\/wp-content\/uploads\/2024\/06\/WhatsApp-Image-2024-06-28-at-18.51.52-700x394.jpeg 700w, https:\/\/maestrazgo.org\/esdi\/wp-content\/uploads\/2024\/06\/WhatsApp-Image-2024-06-28-at-18.51.52-539x303.jpeg 539w, https:\/\/maestrazgo.org\/esdi\/wp-content\/uploads\/2024\/06\/WhatsApp-Image-2024-06-28-at-18.51.52.jpeg 2040w\" sizes=\"auto, (max-width: 300px) 100vw, 300px\" \/><\/p>\n","protected":false},"excerpt":{"rendered":"<p>El s\u00e1bado 6 de julio a las 18:00 h la Fundaci\u00f3n Cultura en Vena presenta en la Plaza Mayor de Molinos la exposici\u00f3n itinerante \u00bfSorolla en un hospital? que estar\u00e1 desde el 28 de junio hasta el 10 de julio. El acto comenzar\u00e1 a las&#8230;<\/p>\n","protected":false},"author":2,"featured_media":2746,"comment_status":"open","ping_status":"open","sticky":false,"template":"","format":"standard","meta":{"footnotes":""},"categories":[6,8,34,4],"tags":[15,67,151,13,55,150],"class_list":["post-2745","post","type-post","status-publish","format-standard","has-post-thumbnail","hentry","category-colaboradores","category-despoblacion","category-economiasocial","category-noticias","tag-adema","tag-cantavieja","tag-cultura-en-vena","tag-maestrazgo","tag-molinos","tag-sorolla"],"_links":{"self":[{"href":"https:\/\/maestrazgo.org\/esdi\/wp-json\/wp\/v2\/posts\/2745","targetHints":{"allow":["GET"]}}],"collection":[{"href":"https:\/\/maestrazgo.org\/esdi\/wp-json\/wp\/v2\/posts"}],"about":[{"href":"https:\/\/maestrazgo.org\/esdi\/wp-json\/wp\/v2\/types\/post"}],"author":[{"embeddable":true,"href":"https:\/\/maestrazgo.org\/esdi\/wp-json\/wp\/v2\/users\/2"}],"replies":[{"embeddable":true,"href":"https:\/\/maestrazgo.org\/esdi\/wp-json\/wp\/v2\/comments?post=2745"}],"version-history":[{"count":3,"href":"https:\/\/maestrazgo.org\/esdi\/wp-json\/wp\/v2\/posts\/2745\/revisions"}],"predecessor-version":[{"id":2755,"href":"https:\/\/maestrazgo.org\/esdi\/wp-json\/wp\/v2\/posts\/2745\/revisions\/2755"}],"wp:featuredmedia":[{"embeddable":true,"href":"https:\/\/maestrazgo.org\/esdi\/wp-json\/wp\/v2\/media\/2746"}],"wp:attachment":[{"href":"https:\/\/maestrazgo.org\/esdi\/wp-json\/wp\/v2\/media?parent=2745"}],"wp:term":[{"taxonomy":"category","embeddable":true,"href":"https:\/\/maestrazgo.org\/esdi\/wp-json\/wp\/v2\/categories?post=2745"},{"taxonomy":"post_tag","embeddable":true,"href":"https:\/\/maestrazgo.org\/esdi\/wp-json\/wp\/v2\/tags?post=2745"}],"curies":[{"name":"wp","href":"https:\/\/api.w.org\/{rel}","templated":true}]}}