{"id":2741,"date":"2024-04-16T12:13:31","date_gmt":"2024-04-16T10:13:31","guid":{"rendered":"https:\/\/maestrazgo.org\/esdi\/?p=2741"},"modified":"2024-04-16T12:13:31","modified_gmt":"2024-04-16T10:13:31","slug":"celebracion-del-xix-ciclo-musica-y-palabra-en-el-municipio-de-molinos-20-de-abril-6-de-julio-y-14-de-julio-de-2024","status":"publish","type":"post","link":"https:\/\/maestrazgo.org\/esdi\/celebracion-del-xix-ciclo-musica-y-palabra-en-el-municipio-de-molinos-20-de-abril-6-de-julio-y-14-de-julio-de-2024\/","title":{"rendered":"Celebraci\u00f3n del XIX Ciclo \u00abM\u00fasica y Palabra\u00bb en el municipio de Molinos. 20 de abril, 6 de julio y 14 de julio de 2024."},"content":{"rendered":"<p><img loading=\"lazy\" decoding=\"async\" class=\"alignnone wp-image-2742 size-large\" src=\"https:\/\/maestrazgo.org\/esdi\/wp-content\/uploads\/2024\/04\/cartel-ciclo-musica-y-palabra-724x1024.jpeg\" alt=\"\" width=\"724\" height=\"1024\" srcset=\"https:\/\/maestrazgo.org\/esdi\/wp-content\/uploads\/2024\/04\/cartel-ciclo-musica-y-palabra-724x1024.jpeg 724w, https:\/\/maestrazgo.org\/esdi\/wp-content\/uploads\/2024\/04\/cartel-ciclo-musica-y-palabra-212x300.jpeg 212w, https:\/\/maestrazgo.org\/esdi\/wp-content\/uploads\/2024\/04\/cartel-ciclo-musica-y-palabra-768x1086.jpeg 768w, https:\/\/maestrazgo.org\/esdi\/wp-content\/uploads\/2024\/04\/cartel-ciclo-musica-y-palabra-1086x1536.jpeg 1086w, https:\/\/maestrazgo.org\/esdi\/wp-content\/uploads\/2024\/04\/cartel-ciclo-musica-y-palabra-700x990.jpeg 700w, https:\/\/maestrazgo.org\/esdi\/wp-content\/uploads\/2024\/04\/cartel-ciclo-musica-y-palabra.jpeg 1131w\" sizes=\"auto, (max-width: 724px) 100vw, 724px\" \/><\/p>\n<p>El festival \u201cM\u00fasica y palabra. Grutas de Cristal\u201d es uno de los festivales m\u00e1s veteranos e innovadores de Arag\u00f3n y se estuvo celebrando en la localidad de Molinos desde el a\u00f1o 2002 hasta el a\u00f1o 2019, \u00faltimo a\u00f1o que se program\u00f3. El objetivo del festival desde los inicios fue el fomento de m\u00fasica de calidad y promoci\u00f3n de los espacios patrimoniales y naturales que cuenta la localidad de Molinos, una de las puertas de entrada al Maestrazgo.<\/p>\n<p>El festival naci\u00f3 con el apoyo de la Secretar\u00eda de Estado de Turismo, la Diputaci\u00f3n Provincial de Teruel y la Asociaci\u00f3n de Empresarios Tur\u00edsticos del Maestrazgo, estando organizado por el Ayuntamiento de Molinos con el apoyo del Departamento de Educaci\u00f3n y Cultura del Gobierno de Arag\u00f3n y de la Comarca del Maestrazgo. En las \u00faltimas ediciones fue Comarca del Maestrazgo la que mantuvo su apoyo y organiza el festival junto con el Ayuntamiento de Molinos y la Asociaci\u00f3n para el Desarrollo del Maestrazgo (ADEMA) contando en alguna edici\u00f3n, tambi\u00e9n, con la colaboraci\u00f3n del Parque Cultural del Maestrazgo.<\/p>\n<p>El festival \u00abMusica y palabra\u00bb a lo largo de sus a\u00f1os de vida se ha caracterizado por disponer de un programa de alta calidad musical, sobre todo en lo referente a la M\u00fasica Cl\u00e1sica. Por Molinos han ido pasando figuras de primer nivel nacional e internacional , tal y como se refleja en el historial del festival. Las ultimas ediciones del festival han intentado adaptar el formato y se ha dado cabida a otro tipo de programaciones musicales que no sean exclusivamente de m\u00fasica cl\u00e1sica para poder adaptar el programa al presupuesto y necesidades actuales.<\/p>\n<p>Este 2024 desde el Ayuntamiento de Molinos han optado por volver a programar el festival tras unos a\u00f1os sin haberse podido celebrar y cuenta con la colaboraci\u00f3n de la Comarca del Maestrazgo y la Asociaci\u00f3n para el Desarrollo del Maestrazgo ADEMA , dos entidades comarcales representativas del territorio. El programa pretende iniciar un nuevo proceso de programaci\u00f3n del Festival y volver a ubicar a Molinos como el municipio referente en gesti\u00f3n cultural y patrimonial, crear un grupo de trabajo estable que pueda colaborar en la programaci\u00f3n del evento y ofrecer a los vecinos, vecinas y visitantes una oferta cultural y musical de alta calidad.<\/p>\n<p>Los conciertos se desarrollan en diferentes escenarios de la localidad: el sal\u00f3n de actos de ADEMA, la Iglesia de Nuestra Se\u00f1ora de las Nieves o las Grutas de Cristal de Molinos, auditorio natural de belleza incomparable, que acogen los conciertos de atm\u00f3sfera \u00edntima y formato reducido.<\/p>\n<p>Pueden revisar las propuestas de los Ciclos de M\u00fasica y Palabra anteriores en el enlace:<\/p>\n<p><a href=\"https:\/\/www.molinos.es\/cultura\/ciclo-musica-y-palabra\/\">https:\/\/www.molinos.es\/el-pueblo-2\/cultura\/ciclo-musica-y-palabra\/<\/a><\/p>\n<p>Para m\u00e1s informaci\u00f3n pueden contactar con el Ayuntamiento de Molinos 978849085<\/p>\n<p>&nbsp;<\/p>\n","protected":false},"excerpt":{"rendered":"<p>El festival \u201cM\u00fasica y palabra. Grutas de Cristal\u201d es uno de los festivales m\u00e1s veteranos e innovadores de Arag\u00f3n y se estuvo celebrando en la localidad de Molinos desde el a\u00f1o 2002 hasta el a\u00f1o 2019, \u00faltimo a\u00f1o que se program\u00f3. El objetivo del festival&#8230;<\/p>\n","protected":false},"author":2,"featured_media":2742,"comment_status":"open","ping_status":"open","sticky":false,"template":"","format":"standard","meta":{"footnotes":""},"categories":[6,7,8,4],"tags":[],"class_list":["post-2741","post","type-post","status-publish","format-standard","has-post-thumbnail","hentry","category-colaboradores","category-custodiaterritorio","category-despoblacion","category-noticias"],"_links":{"self":[{"href":"https:\/\/maestrazgo.org\/esdi\/wp-json\/wp\/v2\/posts\/2741","targetHints":{"allow":["GET"]}}],"collection":[{"href":"https:\/\/maestrazgo.org\/esdi\/wp-json\/wp\/v2\/posts"}],"about":[{"href":"https:\/\/maestrazgo.org\/esdi\/wp-json\/wp\/v2\/types\/post"}],"author":[{"embeddable":true,"href":"https:\/\/maestrazgo.org\/esdi\/wp-json\/wp\/v2\/users\/2"}],"replies":[{"embeddable":true,"href":"https:\/\/maestrazgo.org\/esdi\/wp-json\/wp\/v2\/comments?post=2741"}],"version-history":[{"count":1,"href":"https:\/\/maestrazgo.org\/esdi\/wp-json\/wp\/v2\/posts\/2741\/revisions"}],"predecessor-version":[{"id":2743,"href":"https:\/\/maestrazgo.org\/esdi\/wp-json\/wp\/v2\/posts\/2741\/revisions\/2743"}],"wp:featuredmedia":[{"embeddable":true,"href":"https:\/\/maestrazgo.org\/esdi\/wp-json\/wp\/v2\/media\/2742"}],"wp:attachment":[{"href":"https:\/\/maestrazgo.org\/esdi\/wp-json\/wp\/v2\/media?parent=2741"}],"wp:term":[{"taxonomy":"category","embeddable":true,"href":"https:\/\/maestrazgo.org\/esdi\/wp-json\/wp\/v2\/categories?post=2741"},{"taxonomy":"post_tag","embeddable":true,"href":"https:\/\/maestrazgo.org\/esdi\/wp-json\/wp\/v2\/tags?post=2741"}],"curies":[{"name":"wp","href":"https:\/\/api.w.org\/{rel}","templated":true}]}}