{"id":2726,"date":"2024-01-31T12:36:53","date_gmt":"2024-01-31T11:36:53","guid":{"rendered":"https:\/\/maestrazgo.org\/esdi\/?p=2726"},"modified":"2024-02-06T12:30:53","modified_gmt":"2024-02-06T11:30:53","slug":"jornadas-de-la-era-rural-en-el-maestrazgo-6-y-8-de-febrero","status":"publish","type":"post","link":"https:\/\/maestrazgo.org\/esdi\/jornadas-de-la-era-rural-en-el-maestrazgo-6-y-8-de-febrero\/","title":{"rendered":"Jornadas de La Era Rural en el Maestrazgo. 20 y 22 de febrero."},"content":{"rendered":"<div dir=\"auto\"><strong>CAMBIO DE FECHAS DE LAS DOS JORNADAS. SE TRASLADAN AL 20 DE FEBRERO (MOLINOS) Y 22 DE FEBRERO (CANTAVIEJA) <\/strong><\/div>\n<div dir=\"auto\"><strong><a href=\"http:\/\/bit.ly\/market-place-ler\">INSCRIPCIONES: bit.ly\/market-place-ler<\/a><\/strong><\/div>\n<div dir=\"auto\">El Market Place de <a class=\"x1i10hfl xjbqb8w x6umtig x1b1mbwd xaqea5y xav7gou x9f619 x1ypdohk xt0psk2 xe8uvvx xdj266r x11i5rnm xat24cr x1mh8g0r xexx8yu x4uap5 x18d9i69 xkhd6sd x16tdsg8 x1hl2dhg xggy1nq x1a2a7pz xt0b8zv x1fey0fg xo1l8bm\" tabindex=\"0\" role=\"link\" href=\"https:\/\/www.facebook.com\/laerarural.es?__cft__[0]=AZUkvnAqb6-i9VnLhceNT1xo-WCSuiuGlAMbiwrVH4Z-22C4wKdPUwnKt_k7INLnjD5tIITsbvYszejQbIT_MthCv-s0x6ukQs2FKLnYW3mh8SP7asSG2EVuvTSZ3wkFTU9X_kG6YWDJDw4OvdbjByuo_fUpwONoQBgZu6Cpc0wbq2N2dE-zjab4ZuT6xQ0Kluw&amp;__tn__=-]K-R\"><span class=\"xt0psk2\">La Era Rural<\/span><\/a> en el <a class=\"x1i10hfl xjbqb8w x6umtig x1b1mbwd xaqea5y xav7gou x9f619 x1ypdohk xt0psk2 xe8uvvx xdj266r x11i5rnm xat24cr x1mh8g0r xexx8yu x4uap5 x18d9i69 xkhd6sd x16tdsg8 x1hl2dhg xggy1nq x1a2a7pz xt0b8zv x1fey0fg xo1l8bm\" tabindex=\"0\" role=\"link\" href=\"https:\/\/www.facebook.com\/hashtag\/maestrazgo?__eep__=6&amp;__cft__[0]=AZUkvnAqb6-i9VnLhceNT1xo-WCSuiuGlAMbiwrVH4Z-22C4wKdPUwnKt_k7INLnjD5tIITsbvYszejQbIT_MthCv-s0x6ukQs2FKLnYW3mh8SP7asSG2EVuvTSZ3wkFTU9X_kG6YWDJDw4OvdbjByuo_fUpwONoQBgZu6Cpc0wbq2N2dE-zjab4ZuT6xQ0Kluw&amp;__tn__=*NK-R\">#Maestrazgo<\/a>.<\/div>\n<div dir=\"auto\">DE LO LOCAL A LO GLOBAL CON LA ERA RURAL<\/div>\n<div dir=\"auto\">\u00a1La Era Rural te ayuda a digitalizarte! Y para ello est\u00e1 desarrollando nuevas herramientas y servicios que se van a ofrecer a toda la comunidad y a las nuevas personas emprendedoras que se sumen a La Era Rural.<\/div>\n<div dir=\"auto\">Durante las pr\u00f3ximas semanas se van a celebrar varias sesiones para negocios y emprendedores en diferentes localidades de Arag\u00f3n en las que se van a explicar todas estas herramientas acompa\u00f1adas de una formaci\u00f3n pr\u00e1ctica, y se responder\u00e1n adem\u00e1s preguntas y cuestiones que puedan surgir.<\/div>\n<div dir=\"auto\">Accede a m\u00e1s informaci\u00f3n para las dos sesiones que se van a celebrar en el Maestrazgo:<\/div>\n<div dir=\"auto\">&#8211; Molinos (martes 6 de febrero, sede ADEMA, de 17 a 19h)<\/div>\n<div dir=\"auto\"><a class=\"x1i10hfl xjbqb8w x6umtig x1b1mbwd xaqea5y xav7gou x9f619 x1ypdohk xt0psk2 xe8uvvx xdj266r x11i5rnm xat24cr x1mh8g0r xexx8yu x4uap5 x18d9i69 xkhd6sd x16tdsg8 x1hl2dhg xggy1nq x1a2a7pz xt0b8zv x1fey0fg\" tabindex=\"0\" role=\"link\" href=\"https:\/\/laerarural.es\/de-lo-local-a-lo-global-molinos-age-545\/?fbclid=IwAR1_7kJZV1p3TDUpNX0qEnK-r-kSmH8sDfCFej1DLR7Lj5-bAsizvaMYilI\" target=\"_blank\" rel=\"nofollow noopener noreferrer\">https:\/\/laerarural.es\/de-lo-local-a-lo-global-molinos&#8230;\/<\/a><\/div>\n<div dir=\"auto\"><img loading=\"lazy\" decoding=\"async\" class=\"alignnone size-medium wp-image-2727\" src=\"https:\/\/maestrazgo.org\/esdi\/wp-content\/uploads\/2024\/01\/6-FEBRERO-MOLINOS-300x300.jpg\" alt=\"\" width=\"300\" height=\"300\" srcset=\"https:\/\/maestrazgo.org\/esdi\/wp-content\/uploads\/2024\/01\/6-FEBRERO-MOLINOS-300x300.jpg 300w, https:\/\/maestrazgo.org\/esdi\/wp-content\/uploads\/2024\/01\/6-FEBRERO-MOLINOS-1024x1024.jpg 1024w, https:\/\/maestrazgo.org\/esdi\/wp-content\/uploads\/2024\/01\/6-FEBRERO-MOLINOS-150x150.jpg 150w, https:\/\/maestrazgo.org\/esdi\/wp-content\/uploads\/2024\/01\/6-FEBRERO-MOLINOS-768x768.jpg 768w, https:\/\/maestrazgo.org\/esdi\/wp-content\/uploads\/2024\/01\/6-FEBRERO-MOLINOS-570x570.jpg 570w, https:\/\/maestrazgo.org\/esdi\/wp-content\/uploads\/2024\/01\/6-FEBRERO-MOLINOS-500x500.jpg 500w, https:\/\/maestrazgo.org\/esdi\/wp-content\/uploads\/2024\/01\/6-FEBRERO-MOLINOS-1000x1000.jpg 1000w, https:\/\/maestrazgo.org\/esdi\/wp-content\/uploads\/2024\/01\/6-FEBRERO-MOLINOS-700x700.jpg 700w, https:\/\/maestrazgo.org\/esdi\/wp-content\/uploads\/2024\/01\/6-FEBRERO-MOLINOS.jpg 1080w\" sizes=\"auto, (max-width: 300px) 100vw, 300px\" \/> <img loading=\"lazy\" decoding=\"async\" class=\"alignnone size-medium wp-image-2728\" src=\"https:\/\/maestrazgo.org\/esdi\/wp-content\/uploads\/2024\/01\/8-FEBRERO-CANTAVIEJA-300x300.jpg\" alt=\"\" width=\"300\" height=\"300\" srcset=\"https:\/\/maestrazgo.org\/esdi\/wp-content\/uploads\/2024\/01\/8-FEBRERO-CANTAVIEJA-300x300.jpg 300w, https:\/\/maestrazgo.org\/esdi\/wp-content\/uploads\/2024\/01\/8-FEBRERO-CANTAVIEJA-1024x1024.jpg 1024w, https:\/\/maestrazgo.org\/esdi\/wp-content\/uploads\/2024\/01\/8-FEBRERO-CANTAVIEJA-150x150.jpg 150w, https:\/\/maestrazgo.org\/esdi\/wp-content\/uploads\/2024\/01\/8-FEBRERO-CANTAVIEJA-768x768.jpg 768w, https:\/\/maestrazgo.org\/esdi\/wp-content\/uploads\/2024\/01\/8-FEBRERO-CANTAVIEJA-570x570.jpg 570w, https:\/\/maestrazgo.org\/esdi\/wp-content\/uploads\/2024\/01\/8-FEBRERO-CANTAVIEJA-500x500.jpg 500w, https:\/\/maestrazgo.org\/esdi\/wp-content\/uploads\/2024\/01\/8-FEBRERO-CANTAVIEJA-1000x1000.jpg 1000w, https:\/\/maestrazgo.org\/esdi\/wp-content\/uploads\/2024\/01\/8-FEBRERO-CANTAVIEJA-700x700.jpg 700w, https:\/\/maestrazgo.org\/esdi\/wp-content\/uploads\/2024\/01\/8-FEBRERO-CANTAVIEJA.jpg 1080w\" sizes=\"auto, (max-width: 300px) 100vw, 300px\" \/><\/div>\n<div dir=\"auto\">&#8211; Cantavieja (jueves 8 de febrero, sede Comarca del Maestrazgo,\u00a0de 17 a 19h)<\/div>\n<div dir=\"auto\"><a class=\"x1i10hfl xjbqb8w x6umtig x1b1mbwd xaqea5y xav7gou x9f619 x1ypdohk xt0psk2 xe8uvvx xdj266r x11i5rnm xat24cr x1mh8g0r xexx8yu x4uap5 x18d9i69 xkhd6sd x16tdsg8 x1hl2dhg xggy1nq x1a2a7pz xt0b8zv x1fey0fg\" tabindex=\"0\" role=\"link\" href=\"https:\/\/laerarural.es\/de-local-a-global-cantavieja-age-544\/?fbclid=IwAR2uHeXQXKHtuKfBPt3FC8Stg8jKpe03sHWOrzQ3ObQ8ICzHOsK2icscayQ\" target=\"_blank\" rel=\"nofollow noopener noreferrer\">https:\/\/laerarural.es\/de-local-a-global-cantavieja-age-544\/<\/a><\/div>\n","protected":false},"excerpt":{"rendered":"<p>CAMBIO DE FECHAS DE LAS DOS JORNADAS. SE TRASLADAN AL 20 DE FEBRERO (MOLINOS) Y 22 DE FEBRERO (CANTAVIEJA) INSCRIPCIONES: bit.ly\/market-place-ler El Market Place de La Era Rural en el #Maestrazgo. DE LO LOCAL A LO GLOBAL CON LA ERA RURAL \u00a1La Era Rural te&#8230;<\/p>\n","protected":false},"author":2,"featured_media":2727,"comment_status":"open","ping_status":"open","sticky":false,"template":"","format":"standard","meta":{"footnotes":""},"categories":[34,3,4],"tags":[15,67,148,146,147,55,149],"class_list":["post-2726","post","type-post","status-publish","format-standard","has-post-thumbnail","hentry","category-economiasocial","category-emprendedores","category-noticias","tag-adema","tag-cantavieja","tag-digitalizacion","tag-laerarural","tag-marketplace","tag-molinos","tag-tiendaonline"],"_links":{"self":[{"href":"https:\/\/maestrazgo.org\/esdi\/wp-json\/wp\/v2\/posts\/2726","targetHints":{"allow":["GET"]}}],"collection":[{"href":"https:\/\/maestrazgo.org\/esdi\/wp-json\/wp\/v2\/posts"}],"about":[{"href":"https:\/\/maestrazgo.org\/esdi\/wp-json\/wp\/v2\/types\/post"}],"author":[{"embeddable":true,"href":"https:\/\/maestrazgo.org\/esdi\/wp-json\/wp\/v2\/users\/2"}],"replies":[{"embeddable":true,"href":"https:\/\/maestrazgo.org\/esdi\/wp-json\/wp\/v2\/comments?post=2726"}],"version-history":[{"count":4,"href":"https:\/\/maestrazgo.org\/esdi\/wp-json\/wp\/v2\/posts\/2726\/revisions"}],"predecessor-version":[{"id":2732,"href":"https:\/\/maestrazgo.org\/esdi\/wp-json\/wp\/v2\/posts\/2726\/revisions\/2732"}],"wp:featuredmedia":[{"embeddable":true,"href":"https:\/\/maestrazgo.org\/esdi\/wp-json\/wp\/v2\/media\/2727"}],"wp:attachment":[{"href":"https:\/\/maestrazgo.org\/esdi\/wp-json\/wp\/v2\/media?parent=2726"}],"wp:term":[{"taxonomy":"category","embeddable":true,"href":"https:\/\/maestrazgo.org\/esdi\/wp-json\/wp\/v2\/categories?post=2726"},{"taxonomy":"post_tag","embeddable":true,"href":"https:\/\/maestrazgo.org\/esdi\/wp-json\/wp\/v2\/tags?post=2726"}],"curies":[{"name":"wp","href":"https:\/\/api.w.org\/{rel}","templated":true}]}}