{"id":2716,"date":"2023-10-03T13:57:57","date_gmt":"2023-10-03T11:57:57","guid":{"rendered":"https:\/\/maestrazgo.org\/esdi\/?p=2716"},"modified":"2023-10-03T13:58:45","modified_gmt":"2023-10-03T11:58:45","slug":"ampliacion-plazo-de-inscripcion-erea-hasta-el-8-de-octubre","status":"publish","type":"post","link":"https:\/\/maestrazgo.org\/esdi\/ampliacion-plazo-de-inscripcion-erea-hasta-el-8-de-octubre\/","title":{"rendered":"Ampliaci\u00f3n plazo de inscripci\u00f3n EREA+ hasta el 8 de octubre"},"content":{"rendered":"<p><span class=\"css-901oao css-16my406 r-poiln3 r-bcqeeo r-qvutc0\">Desde la Fundaci\u00f3n Arag\u00f3n Emprende anuncian que se ampl\u00edan los plazos de inscripci\u00f3n h<\/span><span class=\"css-901oao css-16my406 r-poiln3 r-bcqeeo r-qvutc0\">asta el 8\/10, donde puedes inscribir en el programa EREA tu proyecto de particular o empresa <\/span><\/p>\n<p><span class=\"css-901oao css-16my406 r-poiln3 r-bcqeeo r-qvutc0\">En EREA+ te ayudar\u00e1n a terminar de darle forma a tu idea con formaci\u00f3n especializada, tutor\u00edas personalizadas y divulgaci\u00f3n del mismo.<\/span><\/p>\n<p><a href=\"https:\/\/erea.aragonemprende.com\/\">https:\/\/erea.aragonemprende.com\/<\/a><\/p>\n<p><img loading=\"lazy\" decoding=\"async\" class=\"alignnone size-medium wp-image-2717\" src=\"https:\/\/maestrazgo.org\/esdi\/wp-content\/uploads\/2023\/10\/F7MetysWEAAoosA-300x169.jpg\" alt=\"\" width=\"300\" height=\"169\" srcset=\"https:\/\/maestrazgo.org\/esdi\/wp-content\/uploads\/2023\/10\/F7MetysWEAAoosA-300x169.jpg 300w, https:\/\/maestrazgo.org\/esdi\/wp-content\/uploads\/2023\/10\/F7MetysWEAAoosA-1024x576.jpg 1024w, https:\/\/maestrazgo.org\/esdi\/wp-content\/uploads\/2023\/10\/F7MetysWEAAoosA-768x432.jpg 768w, https:\/\/maestrazgo.org\/esdi\/wp-content\/uploads\/2023\/10\/F7MetysWEAAoosA-700x394.jpg 700w, https:\/\/maestrazgo.org\/esdi\/wp-content\/uploads\/2023\/10\/F7MetysWEAAoosA-539x303.jpg 539w, https:\/\/maestrazgo.org\/esdi\/wp-content\/uploads\/2023\/10\/F7MetysWEAAoosA.jpg 1280w\" sizes=\"auto, (max-width: 300px) 100vw, 300px\" \/><\/p>\n","protected":false},"excerpt":{"rendered":"<p>Desde la Fundaci\u00f3n Arag\u00f3n Emprende anuncian que se ampl\u00edan los plazos de inscripci\u00f3n hasta el 8\/10, donde puedes inscribir en el programa EREA tu proyecto de particular o empresa En EREA+ te ayudar\u00e1n a terminar de darle forma a tu idea con formaci\u00f3n especializada, tutor\u00edas&#8230;<\/p>\n","protected":false},"author":2,"featured_media":2717,"comment_status":"open","ping_status":"open","sticky":false,"template":"","format":"standard","meta":{"footnotes":""},"categories":[3,4],"tags":[],"class_list":["post-2716","post","type-post","status-publish","format-standard","has-post-thumbnail","hentry","category-emprendedores","category-noticias"],"_links":{"self":[{"href":"https:\/\/maestrazgo.org\/esdi\/wp-json\/wp\/v2\/posts\/2716","targetHints":{"allow":["GET"]}}],"collection":[{"href":"https:\/\/maestrazgo.org\/esdi\/wp-json\/wp\/v2\/posts"}],"about":[{"href":"https:\/\/maestrazgo.org\/esdi\/wp-json\/wp\/v2\/types\/post"}],"author":[{"embeddable":true,"href":"https:\/\/maestrazgo.org\/esdi\/wp-json\/wp\/v2\/users\/2"}],"replies":[{"embeddable":true,"href":"https:\/\/maestrazgo.org\/esdi\/wp-json\/wp\/v2\/comments?post=2716"}],"version-history":[{"count":1,"href":"https:\/\/maestrazgo.org\/esdi\/wp-json\/wp\/v2\/posts\/2716\/revisions"}],"predecessor-version":[{"id":2718,"href":"https:\/\/maestrazgo.org\/esdi\/wp-json\/wp\/v2\/posts\/2716\/revisions\/2718"}],"wp:featuredmedia":[{"embeddable":true,"href":"https:\/\/maestrazgo.org\/esdi\/wp-json\/wp\/v2\/media\/2717"}],"wp:attachment":[{"href":"https:\/\/maestrazgo.org\/esdi\/wp-json\/wp\/v2\/media?parent=2716"}],"wp:term":[{"taxonomy":"category","embeddable":true,"href":"https:\/\/maestrazgo.org\/esdi\/wp-json\/wp\/v2\/categories?post=2716"},{"taxonomy":"post_tag","embeddable":true,"href":"https:\/\/maestrazgo.org\/esdi\/wp-json\/wp\/v2\/tags?post=2716"}],"curies":[{"name":"wp","href":"https:\/\/api.w.org\/{rel}","templated":true}]}}