{"id":2011,"date":"2022-10-04T11:47:57","date_gmt":"2022-10-04T11:47:57","guid":{"rendered":"http:\/\/maestrazgo.org\/esdi\/?p=2011"},"modified":"2023-03-20T13:13:31","modified_gmt":"2023-03-20T12:13:31","slug":"erea-ecosistemas-de-emprendimiento-rural-avanza-con-masterclass-sobre-empresa-y-economia-social-y-jornadas-inspiradoras-en-el-territorio","status":"publish","type":"post","link":"https:\/\/maestrazgo.org\/esdi\/erea-ecosistemas-de-emprendimiento-rural-avanza-con-masterclass-sobre-empresa-y-economia-social-y-jornadas-inspiradoras-en-el-territorio\/","title":{"rendered":"EREA, Ecosistemas de Emprendimiento Rural, avanza con masterclass sobre empresa y econom\u00eda social y jornadas inspiradoras en el territorio"},"content":{"rendered":"\r\n<p class=\"has-medium-font-size\">Ya est\u00e1 en marcha la segunda fase de EREA &#8216;Programa de impulso a los ecosistemas de emprendimiento y la econom\u00eda social en el medio rural aragon\u00e9s&#8217;, promovido por el Gobierno de Arag\u00f3n, a trav\u00e9s de la Fundaci\u00f3n Arag\u00f3n Emprende, y con el apoyo del Ministerio para la Transici\u00f3n Ecol\u00f3gica y el Reto Demogr\u00e1fico. De septiembre a febrero de 2023, se va a proceder a la aceleraci\u00f3n de cerca de 50 proyectos y el asesoramiento estrat\u00e9gico de 35 empresas en diferentes aspectos y \u00e1reas de la empresa.<\/p>\r\n\r\n\r\n\r\n<p>As\u00ed, el programa EREA pretende validar y desarrollar los proyectos de negocio presentados durante la primera fase, as\u00ed como impulsar la actividad econ\u00f3mica de empresas que pretenden mejorar diversos aspectos o quieren crear una nueva l\u00ednea de negocio. Para ello, apuestan por t\u00e9cnicas como la elaboraci\u00f3n de un plan de negocio, as\u00ed como asesoramiento espec\u00edfico en \u00e1mbitos sectoriales y herramientas transversales de car\u00e1cter digital.<\/p>\r\n\r\n\r\n\r\n<p>La consolidaci\u00f3n de los objetivos de esta segunda fase viene reforzada por la organizaci\u00f3n de 10 masterclass sobre gesti\u00f3n de negocio y econom\u00eda social y 16 jornadas inspiradoras en el medio rural de Arag\u00f3n, dos actividades que est\u00e1n abiertas al p\u00fablico.<\/p>\r\n\r\n\r\n\r\n<p>Por un lado, las masterclass comienzan este viernes, 23 de septiembre, con la sesi\u00f3n &#8216;Uso de la herramienta de empat\u00eda&#8217;. Con una duraci\u00f3n de una hora y media, estas p\u00edldoras formativas se impartir\u00e1n a lo largo de diferentes viernes hasta el 3 de febrero (siempre de 10.00 a 11.30 h), en torno a materias como la contabilidad, las redes sociales, los aspectos jur\u00eddicos, el crowdfunding y los ODS. El acceso a cada una de ellas est\u00e1 abierto en la <a href=\"https:\/\/erea.aragonemprende.com\">p\u00e1gina web de EREA<\/a>.<\/p>\r\n\r\n\r\n\r\n<p>Por otro lado, las jornadas inspiradoras se desarrollar\u00e1n del lunes 17 al s\u00e1bado 22 de octubre en el territorio aragon\u00e9s. Cada una de estas sesiones girar\u00e1 en torno a un \u00e1mbito relacionado con el emprendimiento rural: el papel de los coworking en el desarrollo rural, el emprendimiento tur\u00edstico, la sostenibilidad en la lucha contra la despoblaci\u00f3n rural, el emprendimiento agroalimentario, la innovaci\u00f3n rural o el emprendimiento cultural a trav\u00e9s de actividades de recreacionismo hist\u00f3rico. Las sesiones, en horario matinal y vespertino, tendr\u00e1n lugar en los siguientes municipios: Daroca, Gotor, Pedrola, Ejea de los Caballeros y Caspe (provincia de Zaragoza); Graus, Cuarte, Barbastro, Sabi\u00f1\u00e1nigo y Velilla de Cinca (provincia de Huesca), y Aguaviva, <strong>Molinos<\/strong>, Andorra, Calamocha, Monreal del Campo y Monforte de Moyuela (provincia de Teruel). La participaci\u00f3n a estas jornadas deber\u00e1 realizarse mediante inscripci\u00f3n obligatoria.<\/p>\r\n\r\n\r\n\r\n<p>La segunda fase del programa EREA se prolongar\u00e1 hasta principios de febrero de 2023. Todas las iniciativas que hayan finalizado el proceso de aceleraci\u00f3n entrar\u00e1n en la recta final del programa, donde presentar\u00e1n p\u00fablicamente su proyecto a trav\u00e9s del formato Pitch Day. En estas jornadas, los participantes tendr\u00e1n la posibilidad de profundizar en el conocimiento sobre los instrumentos de inversi\u00f3n y financiaci\u00f3n para sus iniciativas. La primera edici\u00f3n de EREA pondr\u00e1 el punto final en marzo de 2023 con una jornada de cierre donde se dar\u00e1n a conocer los resultados.<\/p>\r\n\r\n\r\n\r\n<p><strong>Programa EREA<\/strong><\/p>\r\n\r\n\r\n\r\n<p>El programa EREA se instrumenta a partir de la \u201cConvocatoria de proyectos singulares que permitan la transformaci\u00f3n territorial para luchar contra la despoblaci\u00f3n y el reto demogr\u00e1fico\u201d, del Ministerio para la Transici\u00f3n Ecol\u00f3gica y el Reto Demogr\u00e1fico. Este programa es un gran proyecto impulsado por el Gobierno de Arag\u00f3n, desde la Fundaci\u00f3n Arag\u00f3n Emprende, con la implicaci\u00f3n del Comisionado para la Lucha contra la Despoblaci\u00f3n, de la Direcci\u00f3n General de Ordenaci\u00f3n del Territorio, del Instituto Aragon\u00e9s de Fomento y de la Sociedad para el Desarrollo Industrial de Arag\u00f3n.<\/p>\r\n\r\n\r\n\r\n<p>La finalidad de la Fundaci\u00f3n Arag\u00f3n Emprende es contribuir al desarrollo regional y tiene como objeto principal promover la cultura e iniciativa emprendedora en Arag\u00f3n favoreciendo la generaci\u00f3n de un tejido empresarial innovador, para contribuir a un desarrollo socioecon\u00f3mico sostenible de sus habitantes y territorios.<\/p>\r\n\r\n\r\n\r\n<p>El Patronato de la Fundaci\u00f3n Arag\u00f3n Emprende est\u00e1 formado por el Instituto Aragon\u00e9s de Fomento, Confederaci\u00f3n de Empresarios de Zaragoza, Confederaci\u00f3n de Empresarios de Arag\u00f3n, Instituto Aragon\u00e9s de Empleo, Asociaci\u00f3n de J\u00f3venes Empresarios de Arag\u00f3n, Consejo Aragon\u00e9s de C\u00e1maras de Comercio, Universidad de Zaragoza, Universidad San Jorge, Fundaci\u00f3n Caja de la Inmaculada, Fundaci\u00f3n Ibercaja, Instituto Aragon\u00e9s de la Juventud, Instituto Aragon\u00e9s de la Mujer, Fundaci\u00f3n de Innovaci\u00f3n y Transferencia Agroalimentaria de Arag\u00f3n, Fundaci\u00f3n Caja Rural de Arag\u00f3n, UPTA-Arag\u00f3n y CEPYME Arag\u00f3n.<\/p>\r\n","protected":false},"excerpt":{"rendered":"<p>Ya est\u00e1 en marcha la segunda fase de EREA &#8216;Programa de impulso a los ecosistemas de emprendimiento y la econom\u00eda social en el medio rural aragon\u00e9s&#8217;, promovido por el Gobierno de Arag\u00f3n, a trav\u00e9s de la Fundaci\u00f3n Arag\u00f3n Emprende, y con el apoyo del Ministerio&#8230;<\/p>\n","protected":false},"author":2,"featured_media":2079,"comment_status":"open","ping_status":"open","sticky":false,"template":"","format":"standard","meta":{"footnotes":""},"categories":[4],"tags":[],"class_list":["post-2011","post","type-post","status-publish","format-standard","has-post-thumbnail","hentry","category-noticias"],"_links":{"self":[{"href":"https:\/\/maestrazgo.org\/esdi\/wp-json\/wp\/v2\/posts\/2011","targetHints":{"allow":["GET"]}}],"collection":[{"href":"https:\/\/maestrazgo.org\/esdi\/wp-json\/wp\/v2\/posts"}],"about":[{"href":"https:\/\/maestrazgo.org\/esdi\/wp-json\/wp\/v2\/types\/post"}],"author":[{"embeddable":true,"href":"https:\/\/maestrazgo.org\/esdi\/wp-json\/wp\/v2\/users\/2"}],"replies":[{"embeddable":true,"href":"https:\/\/maestrazgo.org\/esdi\/wp-json\/wp\/v2\/comments?post=2011"}],"version-history":[{"count":1,"href":"https:\/\/maestrazgo.org\/esdi\/wp-json\/wp\/v2\/posts\/2011\/revisions"}],"predecessor-version":[{"id":2080,"href":"https:\/\/maestrazgo.org\/esdi\/wp-json\/wp\/v2\/posts\/2011\/revisions\/2080"}],"wp:featuredmedia":[{"embeddable":true,"href":"https:\/\/maestrazgo.org\/esdi\/wp-json\/wp\/v2\/media\/2079"}],"wp:attachment":[{"href":"https:\/\/maestrazgo.org\/esdi\/wp-json\/wp\/v2\/media?parent=2011"}],"wp:term":[{"taxonomy":"category","embeddable":true,"href":"https:\/\/maestrazgo.org\/esdi\/wp-json\/wp\/v2\/categories?post=2011"},{"taxonomy":"post_tag","embeddable":true,"href":"https:\/\/maestrazgo.org\/esdi\/wp-json\/wp\/v2\/tags?post=2011"}],"curies":[{"name":"wp","href":"https:\/\/api.w.org\/{rel}","templated":true}]}}