{"id":1967,"date":"2022-05-17T06:29:17","date_gmt":"2022-05-17T06:29:17","guid":{"rendered":"http:\/\/maestrazgo.org\/esdi\/?p=1967"},"modified":"2023-03-20T14:02:58","modified_gmt":"2023-03-20T13:02:58","slug":"proyecto-erea-un-impulso-a-los-ecosistemas-de-emprendimiento-y-la-economia-social-en-el-medio-rural-aragones","status":"publish","type":"post","link":"https:\/\/maestrazgo.org\/esdi\/proyecto-erea-un-impulso-a-los-ecosistemas-de-emprendimiento-y-la-economia-social-en-el-medio-rural-aragones\/","title":{"rendered":"Proyecto EREA, un impulso a los ecosistemas de emprendimiento y la econom\u00eda social en el medio rural aragon\u00e9s"},"content":{"rendered":"<p><span id=\"page90R_mcid2\" class=\"markedContent\"><span dir=\"ltr\" role=\"presentation\">\u00bfTe gustar\u00eda ampliar tus conocimientos sobre el mundo rural, la\u00a0<\/span><span dir=\"ltr\" role=\"presentation\">econom\u00eda social y las\u00a0<\/span><\/span><span id=\"page90R_mcid2\" class=\"markedContent\"><span dir=\"ltr\" role=\"presentation\">competencias digitales? Tenemos un proyecto\u00a0<\/span><span dir=\"ltr\" role=\"presentation\">pensado para ti.<\/span><\/span><span id=\"page90R_mcid3\" class=\"markedContent\"><\/span><span id=\"page90R_mcid4\" class=\"markedContent\"><br role=\"presentation\" \/><span dir=\"ltr\" role=\"presentation\">Arranca EREA (Ecosistema de Emprendimiento Rural en Arag\u00f3n)<\/span> <span dir=\"ltr\" role=\"presentation\">, una\u00a0<\/span><span dir=\"ltr\" role=\"presentation\">iniciativa del Gobierno de Arag\u00f3n y el Ministerio para la Transici\u00f3n Ecol\u00f3gica y\u00a0<\/span><span dir=\"ltr\" role=\"presentation\">el Reto Demogr\u00e1fico<\/span><span dir=\"ltr\" role=\"presentation\">, que nace con el objetivo<\/span> <span dir=\"ltr\" role=\"presentation\">reactivar e incentivar la actividad\u00a0<\/span><span dir=\"ltr\" role=\"presentation\">socioecon\u00f3mica<\/span> <span dir=\"ltr\" role=\"presentation\">en zonas<\/span> <span dir=\"ltr\" role=\"presentation\">en situaci\u00f3n de<\/span> <span dir=\"ltr\" role=\"presentation\">vulnerabilidad territorial<\/span><span dir=\"ltr\" role=\"presentation\">,\u00a0<\/span><span dir=\"ltr\" role=\"presentation\">promoviendo y garantizando el desarrollo<\/span> <span dir=\"ltr\" role=\"presentation\">sostenible y el bienestar de sus\u00a0<\/span><span dir=\"ltr\" role=\"presentation\">habitantes.<\/span><\/span><span id=\"page90R_mcid5\" class=\"markedContent\"><\/span><span id=\"page90R_mcid6\" class=\"markedContent\"><br role=\"presentation\" \/><span dir=\"ltr\" role=\"presentation\">El<\/span> <span dir=\"ltr\" role=\"presentation\">Proyecto EREA<\/span> <span dir=\"ltr\" role=\"presentation\">comprende diferentes<\/span> <span dir=\"ltr\" role=\"presentation\">fases<\/span><span dir=\"ltr\" role=\"presentation\">:<\/span><\/span><span id=\"page90R_mcid7\" class=\"markedContent\"><br role=\"presentation\" \/><span dir=\"ltr\" role=\"presentation\">\u2022<\/span> <span dir=\"ltr\" role=\"presentation\">Formaci\u00f3n (Junio-julio 2022)<\/span><\/span><span id=\"page90R_mcid8\" class=\"markedContent\"><br role=\"presentation\" \/><span dir=\"ltr\" role=\"presentation\">\u2022<\/span> <span dir=\"ltr\" role=\"presentation\">Aceleraci\u00f3n de proyectos (Septiembre 2022-Enero 2023)<\/span><\/span><span id=\"page90R_mcid9\" class=\"markedContent\"><br role=\"presentation\" \/><span dir=\"ltr\" role=\"presentation\">\u2022<\/span> <span dir=\"ltr\" role=\"presentation\">Presentaci\u00f3n de Proyectos (Febrero-Marzo 2023)<\/span><\/span><span id=\"page90R_mcid10\" class=\"markedContent\"><\/span><span id=\"page90R_mcid11\" class=\"markedContent\"><br role=\"presentation\" \/><span dir=\"ltr\" role=\"presentation\">Adem\u00e1s, el Proyecto EREA contempla<\/span> <span dir=\"ltr\" role=\"presentation\">una fase adicional de Incubaci\u00f3n para\u00a0<\/span><span dir=\"ltr\" role=\"presentation\">aquellos que decidan poner en marcha su proyecto<\/span><span dir=\"ltr\" role=\"presentation\">.<\/span><\/span><span id=\"page90R_mcid12\" class=\"markedContent\"><br role=\"presentation\" \/><span dir=\"ltr\" role=\"presentation\">Los emprendedores<\/span> <span dir=\"ltr\" role=\"presentation\">podr\u00e1n ubicarse durante un a\u00f1o de manera gratuita en\u00a0<\/span><span dir=\"ltr\" role=\"presentation\">alguno de los centros de emprendimiento de la red ARCE<\/span><span dir=\"ltr\" role=\"presentation\">, y podr\u00e1n contar con\u00a0<\/span><span dir=\"ltr\" role=\"presentation\">la financiaci\u00f3n, a trav\u00e9s de un<\/span> <span dir=\"ltr\" role=\"presentation\">pr\u00e9stamo participativo de hasta 5.000 euros<\/span> <span dir=\"ltr\" role=\"presentation\">para\u00a0<\/span><span dir=\"ltr\" role=\"presentation\">los gastos derivados de la constituci\u00f3n de la organizaci\u00f3n,<\/span> <span dir=\"ltr\" role=\"presentation\">que SODIAR<\/span> <span dir=\"ltr\" role=\"presentation\">\u2013\u00a0<\/span><span dir=\"ltr\" role=\"presentation\">Sociedad para el Desarrollo Industrial de Arag\u00f3n,<\/span> <span dir=\"ltr\" role=\"presentation\">pondr\u00e1 a su disposici\u00f3n.<\/span><\/span><span id=\"page90R_mcid13\" class=\"markedContent\"><\/span><span id=\"page90R_mcid14\" class=\"markedContent\"><\/span><\/p>\n<div class=\"canvasWrapper\"><\/div>\n<p><span id=\"page1R_mcid0\" class=\"markedContent\"><span dir=\"ltr\" role=\"presentation\">\u00bfA qui\u00e9n va dirigido el Proyecto EREA?<\/span><\/span><span id=\"page1R_mcid1\" class=\"markedContent\"><\/span><span id=\"page1R_mcid2\" class=\"markedContent\"><br role=\"presentation\" \/><span dir=\"ltr\" role=\"presentation\">El<\/span> <span dir=\"ltr\" role=\"presentation\">Proyecto EREA<\/span> <span dir=\"ltr\" role=\"presentation\">est\u00e1 dirigido principalmente a los siguientes colectivos del<\/span><br role=\"presentation\" \/><span dir=\"ltr\" role=\"presentation\">medio rural:<\/span><\/span><span id=\"page1R_mcid3\" class=\"markedContent\"><br role=\"presentation\" \/><span dir=\"ltr\" role=\"presentation\">\u2022<\/span> <span dir=\"ltr\" role=\"presentation\">A todas las personas que pretendan contribuir a la mejora de su territorio,\u00a0<\/span><span dir=\"ltr\" role=\"presentation\">incrementando su conocimiento del medio y de las competencias\u00a0<\/span><span dir=\"ltr\" role=\"presentation\">digitales.<\/span><\/span><span id=\"page1R_mcid4\" class=\"markedContent\"><br role=\"presentation\" \/><span dir=\"ltr\" role=\"presentation\">\u2022<\/span> <span dir=\"ltr\" role=\"presentation\">Personas emprendedoras con ideas para mejorar su entorno,\u00a0<\/span><span dir=\"ltr\" role=\"presentation\">profesionales que quieran reenfocar o consolidar sus proyectos.<\/span><\/span><span id=\"page1R_mcid5\" class=\"markedContent\"><br role=\"presentation\" \/><span dir=\"ltr\" role=\"presentation\">\u2022<\/span> <span dir=\"ltr\" role=\"presentation\">Personas emprendedoras que desean innovar en sus actividades o poner\u00a0<\/span><span dir=\"ltr\" role=\"presentation\">en marcha nuevas iniciativas emprendedoras en el medio rural, que\u00a0<\/span><span dir=\"ltr\" role=\"presentation\">quieren incrementar el impacto social en sus localidades o \u00e1mbitos de\u00a0<\/span><span dir=\"ltr\" role=\"presentation\">actuaci\u00f3n.<\/span><\/span><span id=\"page1R_mcid6\" class=\"markedContent\"><\/span><span id=\"page1R_mcid7\" class=\"markedContent\"><br role=\"presentation\" \/><span dir=\"ltr\" role=\"presentation\">Ya puedes confirmar tu<\/span> <span dir=\"ltr\" role=\"presentation\">participaci\u00f3n en el Proyecto EREA<\/span> <span dir=\"ltr\" role=\"presentation\">a trav\u00e9s del\u00a0<\/span><span dir=\"ltr\" role=\"presentation\">formulario habilitado en<\/span><\/span><span id=\"page1R_mcid8\" class=\"markedContent\"> <span dir=\"ltr\" role=\"presentation\">https:\/\/erea.aragonemprende.com<\/span><\/span><span id=\"page1R_mcid28\" class=\"markedContent\"><\/span><span id=\"undefined\" class=\"markedContent\"><\/span><span id=\"page1R_mcid10\" class=\"markedContent\"><br role=\"presentation\" \/><span dir=\"ltr\" role=\"presentation\">Inscripciones abiertas hasta el 31 de mayo<\/span><\/span><\/p>\n","protected":false},"excerpt":{"rendered":"<p>\u00bfTe gustar\u00eda ampliar tus conocimientos sobre el mundo rural, la\u00a0econom\u00eda social y las\u00a0competencias digitales? Tenemos un proyecto\u00a0pensado para ti.Arranca EREA (Ecosistema de Emprendimiento Rural en Arag\u00f3n) , una\u00a0iniciativa del Gobierno de Arag\u00f3n y el Ministerio para la Transici\u00f3n Ecol\u00f3gica y\u00a0el Reto Demogr\u00e1fico, que nace con&#8230;<\/p>\n","protected":false},"author":2,"featured_media":2087,"comment_status":"open","ping_status":"open","sticky":false,"template":"","format":"standard","meta":{"footnotes":""},"categories":[4],"tags":[],"class_list":["post-1967","post","type-post","status-publish","format-standard","has-post-thumbnail","hentry","category-noticias"],"_links":{"self":[{"href":"https:\/\/maestrazgo.org\/esdi\/wp-json\/wp\/v2\/posts\/1967","targetHints":{"allow":["GET"]}}],"collection":[{"href":"https:\/\/maestrazgo.org\/esdi\/wp-json\/wp\/v2\/posts"}],"about":[{"href":"https:\/\/maestrazgo.org\/esdi\/wp-json\/wp\/v2\/types\/post"}],"author":[{"embeddable":true,"href":"https:\/\/maestrazgo.org\/esdi\/wp-json\/wp\/v2\/users\/2"}],"replies":[{"embeddable":true,"href":"https:\/\/maestrazgo.org\/esdi\/wp-json\/wp\/v2\/comments?post=1967"}],"version-history":[{"count":1,"href":"https:\/\/maestrazgo.org\/esdi\/wp-json\/wp\/v2\/posts\/1967\/revisions"}],"predecessor-version":[{"id":2088,"href":"https:\/\/maestrazgo.org\/esdi\/wp-json\/wp\/v2\/posts\/1967\/revisions\/2088"}],"wp:featuredmedia":[{"embeddable":true,"href":"https:\/\/maestrazgo.org\/esdi\/wp-json\/wp\/v2\/media\/2087"}],"wp:attachment":[{"href":"https:\/\/maestrazgo.org\/esdi\/wp-json\/wp\/v2\/media?parent=1967"}],"wp:term":[{"taxonomy":"category","embeddable":true,"href":"https:\/\/maestrazgo.org\/esdi\/wp-json\/wp\/v2\/categories?post=1967"},{"taxonomy":"post_tag","embeddable":true,"href":"https:\/\/maestrazgo.org\/esdi\/wp-json\/wp\/v2\/tags?post=1967"}],"curies":[{"name":"wp","href":"https:\/\/api.w.org\/{rel}","templated":true}]}}