{"id":1901,"date":"2019-03-06T10:53:58","date_gmt":"2019-03-06T10:53:58","guid":{"rendered":"http:\/\/maestrazgo.org\/esdi\/?p=1901"},"modified":"2023-03-20T14:04:53","modified_gmt":"2023-03-20T13:04:53","slug":"clima-rural-proyecto-de-cooperacion-leader","status":"publish","type":"post","link":"https:\/\/maestrazgo.org\/esdi\/clima-rural-proyecto-de-cooperacion-leader\/","title":{"rendered":"Clima Rural. Proyecto de cooperaci\u00f3n LEADER"},"content":{"rendered":"<p><strong>Proyecto \u201cClima Rural\u201d. Innovaci\u00f3n ambiental y responsabilidad social en el medio rural Turolense<\/strong><\/p>\n<p><strong>La Fundaci\u00f3n Plant-for-the-Planet-Spain, los Ayuntamientos de Villarluengo, Aliaga y Ejulve, as\u00ed como los Grupos LEADER de las Comarcas del Maestrazgo, Andorra- Sierra de Arcos y Cuencas Mineras, se unen para desarrollar una propuesta piloto de innovaci\u00f3n social en torno al medio ambiente, el desarrollo rural y el cambio clim\u00e1tico.<\/strong><\/p>\n<p>La Provincia de Teruel es una de las provincias Espa\u00f1olas que contienen\u00a0 mayor riqueza de recursos medioambientales y culturales y sus grandes espacios abiertos contienen una abundante masa forestal de gran valor ecol\u00f3gico. Sus grandes valores culturales y medioambientales, no esconden otra realidad social vinculada a la progresiva despoblaci\u00f3n y el abandono de sus espacios agrarios y forestales, fundamentales para la ordenaci\u00f3n del territorio. En concreto, en\u00a0 2009 el espacio de monta\u00f1a de Ejulve, Montoro de Mezquita y Aliaga sufri\u00f3 un grav\u00edsimo incendio debido a una tormenta el\u00e9ctrica, que conllev\u00f3\u00a0 la quema de 8.000 hect\u00e1reas de masa forestal y agrav\u00f3 m\u00e1s el importante problema del abandono del medio rural en la Provincia de Teruel.<\/p>\n<p>Conscientes de la necesidad de revertir dicha situaci\u00f3n y proponer soluciones innovadoras que tengan un alto contenido social, la Fundaci\u00f3n Plant for the planet, los Ayuntamientos de Montoro, Aliaga y Ejulve y los\u00a0 grupos de desarrollo LEADER vinculados a ese \u00e1mbito de actuaci\u00f3n han creado el proyecto de cooperaci\u00f3n \u201cClima Rural. Nuestros montes no se olvidan\u201d.<\/p>\n<p><img loading=\"lazy\" decoding=\"async\" class=\"alignnone wp-image-2201 size-large\" src=\"https:\/\/maestrazgo.org\/esdi\/wp-content\/uploads\/2019\/03\/academia-ejulve-adibama-3-1024x768.jpg\" alt=\"\" width=\"1024\" height=\"768\" srcset=\"https:\/\/maestrazgo.org\/esdi\/wp-content\/uploads\/2019\/03\/academia-ejulve-adibama-3-1024x768.jpg 1024w, https:\/\/maestrazgo.org\/esdi\/wp-content\/uploads\/2019\/03\/academia-ejulve-adibama-3-300x225.jpg 300w, https:\/\/maestrazgo.org\/esdi\/wp-content\/uploads\/2019\/03\/academia-ejulve-adibama-3-768x576.jpg 768w, https:\/\/maestrazgo.org\/esdi\/wp-content\/uploads\/2019\/03\/academia-ejulve-adibama-3-1536x1152.jpg 1536w, https:\/\/maestrazgo.org\/esdi\/wp-content\/uploads\/2019\/03\/academia-ejulve-adibama-3-2048x1536.jpg 2048w, https:\/\/maestrazgo.org\/esdi\/wp-content\/uploads\/2019\/03\/academia-ejulve-adibama-3-800x600.jpg 800w, https:\/\/maestrazgo.org\/esdi\/wp-content\/uploads\/2019\/03\/academia-ejulve-adibama-3-700x525.jpg 700w\" sizes=\"auto, (max-width: 1024px) 100vw, 1024px\" \/><\/p>\n<p>El proyecto pretende desarrollar diferentes l\u00edneas de trabajo complementarias en el entorno de la zona afectada por los incendios de 2009. Por un lado, se ha contratado empleo local para actuaciones de reforestaci\u00f3n en fincas p\u00fablicas y privadas, contando con colectivos locales especialmente vulnerables para la inserci\u00f3n laboral. Se ha acometido\u00a0 la\u00a0 plantaci\u00f3n con varias especies aut\u00f3ctonas, con el objetivo de generar un bosque mixto diferente al monocultivo de con\u00edferas que exist\u00eda previamente. Adem\u00e1s de favorecer la reforestaci\u00f3n de la zona quemada, se pretenden analizar otras variables\u00a0 en el entorno tales como la adaptaci\u00f3n de las especies a la nueva situaci\u00f3n clim\u00e1tica, estudios sobre la calidad de las masas forestales, y propuestas sobre posibilidades de futuras actividades econ\u00f3micas vinculadas al sector forestal en Teruel.<\/p>\n<p><img loading=\"lazy\" decoding=\"async\" class=\"alignnone wp-image-2202 size-large\" src=\"https:\/\/maestrazgo.org\/esdi\/wp-content\/uploads\/2019\/03\/plantacion-montoro-agujama-1024x768.jpg\" alt=\"\" width=\"1024\" height=\"768\" srcset=\"https:\/\/maestrazgo.org\/esdi\/wp-content\/uploads\/2019\/03\/plantacion-montoro-agujama-1024x768.jpg 1024w, https:\/\/maestrazgo.org\/esdi\/wp-content\/uploads\/2019\/03\/plantacion-montoro-agujama-300x225.jpg 300w, https:\/\/maestrazgo.org\/esdi\/wp-content\/uploads\/2019\/03\/plantacion-montoro-agujama-768x576.jpg 768w, https:\/\/maestrazgo.org\/esdi\/wp-content\/uploads\/2019\/03\/plantacion-montoro-agujama-1536x1152.jpg 1536w, https:\/\/maestrazgo.org\/esdi\/wp-content\/uploads\/2019\/03\/plantacion-montoro-agujama-2048x1536.jpg 2048w, https:\/\/maestrazgo.org\/esdi\/wp-content\/uploads\/2019\/03\/plantacion-montoro-agujama-800x600.jpg 800w, https:\/\/maestrazgo.org\/esdi\/wp-content\/uploads\/2019\/03\/plantacion-montoro-agujama-700x525.jpg 700w\" sizes=\"auto, (max-width: 1024px) 100vw, 1024px\" \/><\/p>\n<p>&nbsp;<\/p>\n<p>&nbsp;<\/p>\n<p><strong><u>Innovaci\u00f3n social y empresa\u00a0 <\/u><\/strong><\/p>\n<p>Adem\u00e1s de los proyectos aprobados por los fondos LEADER y ejecutados ya en Ejulve y Montoro de Mezquita (la actuaci\u00f3n en Aliaga ser\u00e1 en oto\u00f1o de 2019), se han desarrollado a la vez actuaciones financiadas directamente por empresas en 20 hect\u00e1reas del t\u00e9rmino municipal de Ejulve (10.000 \u00e1rboles m\u00e1s, que se suman a los 5.000 plantados en 9 hect\u00e1reas con los fondos LEADER), gracias a los contactos establecidos por la Fundaci\u00f3n Plant for the Planet y la consultora de ingenier\u00eda forestal Grupo Sylvestris en los \u00faltimos meses para sumar esfuerzos al proyecto (La Caixa, Titanlux, Reckitt Beckinser y Eurofred). Por tanto, la vinculaci\u00f3n entre el territorio y empresas responsables con el cambio clim\u00e1tico y el medio ambiente puede ayudar a dar continuidad a la iniciativa m\u00e1s all\u00e1 de la finalizaci\u00f3n del proyecto LEADER.<\/p>\n<p>Las plantaciones se ejecutan en propiedades privadas y municipales gracias a la financiaci\u00f3n de empresas que desarrollan actuaciones de responsabilidad social corporativa en materia medioambiental. A cambio de la colaboraci\u00f3n empresarial, los propietarios ceden las toneladas de CO2 absorbidas por el nuevo bosque durante los pr\u00f3ximos 40 a\u00f1os. Los responsables del proyecto les ayudar\u00e1n a tramitar ante el Ministerio para la Transici\u00f3n Ecol\u00f3gica esas toneladas para compensar su balanza de contaminaci\u00f3n. Cabe destacar que las propiedades privadas y municipales han suscrito un acuerdo de custodia del territorio con la entidad de custodia Asociaci\u00f3n para el Desarrollo del Maestrazgo, trabajando por tanto con una f\u00f3rmula de innovaci\u00f3n social que busca acuerdos participativos\u00a0 con propietarios p\u00fablicos y privados que voluntariamente quieran trabajar por la mejora de la biodiversidad.<\/p>\n<p><img loading=\"lazy\" decoding=\"async\" class=\"alignnone wp-image-2204 size-large\" src=\"https:\/\/maestrazgo.org\/esdi\/wp-content\/uploads\/2019\/03\/plantacion-ejulve-adibama-1024x768.jpg\" alt=\"\" width=\"1024\" height=\"768\" srcset=\"https:\/\/maestrazgo.org\/esdi\/wp-content\/uploads\/2019\/03\/plantacion-ejulve-adibama-1024x768.jpg 1024w, https:\/\/maestrazgo.org\/esdi\/wp-content\/uploads\/2019\/03\/plantacion-ejulve-adibama-300x225.jpg 300w, https:\/\/maestrazgo.org\/esdi\/wp-content\/uploads\/2019\/03\/plantacion-ejulve-adibama-768x576.jpg 768w, https:\/\/maestrazgo.org\/esdi\/wp-content\/uploads\/2019\/03\/plantacion-ejulve-adibama-1536x1152.jpg 1536w, https:\/\/maestrazgo.org\/esdi\/wp-content\/uploads\/2019\/03\/plantacion-ejulve-adibama-2048x1536.jpg 2048w, https:\/\/maestrazgo.org\/esdi\/wp-content\/uploads\/2019\/03\/plantacion-ejulve-adibama-800x600.jpg 800w, https:\/\/maestrazgo.org\/esdi\/wp-content\/uploads\/2019\/03\/plantacion-ejulve-adibama-700x525.jpg 700w\" sizes=\"auto, (max-width: 1024px) 100vw, 1024px\" \/><\/p>\n<p><strong><u>Escuelas ambientales. Escuelas de cambio<\/u><\/strong><\/p>\n<p>La educaci\u00f3n ambiental es otro de los ejes importantes del proyecto, y como eje complementario se van a desarrollar diferentes escuelas ambientales destinadas a escolares de las zonas urbanas y rurales vinculadas a las zonas de plantaci\u00f3n. La Fundaci\u00f3n Plant for the planet es una Fundaci\u00f3n internacional y desarrolla la misma metodolog\u00eda de trabajo para sus academias en todo el mundo, y por tanto, las zonas rurales de Teruel van a poder trabajar en red con otras zonas del planeta utilizando una metodolog\u00eda com\u00fan.<\/p>\n<p><img loading=\"lazy\" decoding=\"async\" class=\"alignnone wp-image-2205\" src=\"https:\/\/maestrazgo.org\/esdi\/wp-content\/uploads\/2019\/03\/academia-ejulve-adibama-300x225.jpg\" alt=\"\" width=\"500\" height=\"375\" srcset=\"https:\/\/maestrazgo.org\/esdi\/wp-content\/uploads\/2019\/03\/academia-ejulve-adibama-300x225.jpg 300w, https:\/\/maestrazgo.org\/esdi\/wp-content\/uploads\/2019\/03\/academia-ejulve-adibama-1024x768.jpg 1024w, https:\/\/maestrazgo.org\/esdi\/wp-content\/uploads\/2019\/03\/academia-ejulve-adibama-768x576.jpg 768w, https:\/\/maestrazgo.org\/esdi\/wp-content\/uploads\/2019\/03\/academia-ejulve-adibama-1536x1152.jpg 1536w, https:\/\/maestrazgo.org\/esdi\/wp-content\/uploads\/2019\/03\/academia-ejulve-adibama-2048x1536.jpg 2048w, https:\/\/maestrazgo.org\/esdi\/wp-content\/uploads\/2019\/03\/academia-ejulve-adibama-800x600.jpg 800w, https:\/\/maestrazgo.org\/esdi\/wp-content\/uploads\/2019\/03\/academia-ejulve-adibama-700x525.jpg 700w\" sizes=\"auto, (max-width: 500px) 100vw, 500px\" \/> <img loading=\"lazy\" decoding=\"async\" class=\"alignnone wp-image-2206\" src=\"https:\/\/maestrazgo.org\/esdi\/wp-content\/uploads\/2019\/03\/academia-ejulve-adibama-2-300x225.jpg\" alt=\"\" width=\"500\" height=\"375\" srcset=\"https:\/\/maestrazgo.org\/esdi\/wp-content\/uploads\/2019\/03\/academia-ejulve-adibama-2-300x225.jpg 300w, https:\/\/maestrazgo.org\/esdi\/wp-content\/uploads\/2019\/03\/academia-ejulve-adibama-2-1024x768.jpg 1024w, https:\/\/maestrazgo.org\/esdi\/wp-content\/uploads\/2019\/03\/academia-ejulve-adibama-2-768x576.jpg 768w, https:\/\/maestrazgo.org\/esdi\/wp-content\/uploads\/2019\/03\/academia-ejulve-adibama-2-1536x1152.jpg 1536w, https:\/\/maestrazgo.org\/esdi\/wp-content\/uploads\/2019\/03\/academia-ejulve-adibama-2-2048x1536.jpg 2048w, https:\/\/maestrazgo.org\/esdi\/wp-content\/uploads\/2019\/03\/academia-ejulve-adibama-2-800x600.jpg 800w, https:\/\/maestrazgo.org\/esdi\/wp-content\/uploads\/2019\/03\/academia-ejulve-adibama-2-700x525.jpg 700w\" sizes=\"auto, (max-width: 500px) 100vw, 500px\" \/><\/p>\n<p><strong>Financiaci\u00f3n<\/strong><\/p>\n<p>El proyecto cuenta con la financiaci\u00f3n del programa LEADER 2014-2020 a trav\u00e9s de la medida \u201cCooperaci\u00f3n entre particulares\u201d, medida que pretende desarrollar proyectos de cooperaci\u00f3n e innovaci\u00f3n entre agentes p\u00fablicos y privados. M\u00e1s espec\u00edficamente se han abierto tres expedientes de cooperaci\u00f3n entre particulares en los grupos AGUJAMA (Maestrazgo) ADIBAMA (Andorra &#8211; Sierra de Arcos) y OFYCUMI (Cuencas Mineras) y\u00a0 tanto los grupos LEADER como los promotores de la acci\u00f3n (Fundaci\u00f3n Plant for the planet y Ayuntamientos de Villarluengo, Ejulve y Aliaga) van a trabajar de manera coordinada hasta el a\u00f1o 2020, tanto para la ejecuci\u00f3n de la acci\u00f3n como la puesta en valor de los resultados de esta buena pr\u00e1ctica de desarrollo rural.<\/p>\n<p>&nbsp;<\/p>\n<p><img loading=\"lazy\" decoding=\"async\" class=\"aligncenter size-full wp-image-2207\" src=\"https:\/\/maestrazgo.org\/esdi\/wp-content\/uploads\/2019\/03\/logos-leader.jpg\" alt=\"\" width=\"583\" height=\"101\" srcset=\"https:\/\/maestrazgo.org\/esdi\/wp-content\/uploads\/2019\/03\/logos-leader.jpg 583w, https:\/\/maestrazgo.org\/esdi\/wp-content\/uploads\/2019\/03\/logos-leader-300x52.jpg 300w\" sizes=\"auto, (max-width: 583px) 100vw, 583px\" \/><\/p>\n","protected":false},"excerpt":{"rendered":"<p>Proyecto \u201cClima Rural\u201d. Innovaci\u00f3n ambiental y responsabilidad social en el medio rural Turolense La Fundaci\u00f3n Plant-for-the-Planet-Spain, los Ayuntamientos de Villarluengo, Aliaga y Ejulve, as\u00ed como los Grupos LEADER de las Comarcas del Maestrazgo, Andorra- Sierra de Arcos y Cuencas Mineras, se unen para desarrollar una&#8230;<\/p>\n","protected":false},"author":2,"featured_media":2170,"comment_status":"open","ping_status":"open","sticky":false,"template":"","format":"standard","meta":{"footnotes":""},"categories":[61,7,8,34,4],"tags":[137,72,117,20,138,13,139,140,141],"class_list":["post-1901","post","type-post","status-publish","format-standard","has-post-thumbnail","hentry","category-crowfunding","category-custodiaterritorio","category-despoblacion","category-economiasocial","category-noticias","tag-adibama","tag-agujama","tag-cooperacion-leader","tag-custodia-del-territorio","tag-educacion-ambiental","tag-maestrazgo","tag-ofycumi","tag-plant-for-the-planet","tag-reforestacion"],"_links":{"self":[{"href":"https:\/\/maestrazgo.org\/esdi\/wp-json\/wp\/v2\/posts\/1901","targetHints":{"allow":["GET"]}}],"collection":[{"href":"https:\/\/maestrazgo.org\/esdi\/wp-json\/wp\/v2\/posts"}],"about":[{"href":"https:\/\/maestrazgo.org\/esdi\/wp-json\/wp\/v2\/types\/post"}],"author":[{"embeddable":true,"href":"https:\/\/maestrazgo.org\/esdi\/wp-json\/wp\/v2\/users\/2"}],"replies":[{"embeddable":true,"href":"https:\/\/maestrazgo.org\/esdi\/wp-json\/wp\/v2\/comments?post=1901"}],"version-history":[{"count":3,"href":"https:\/\/maestrazgo.org\/esdi\/wp-json\/wp\/v2\/posts\/1901\/revisions"}],"predecessor-version":[{"id":2208,"href":"https:\/\/maestrazgo.org\/esdi\/wp-json\/wp\/v2\/posts\/1901\/revisions\/2208"}],"wp:featuredmedia":[{"embeddable":true,"href":"https:\/\/maestrazgo.org\/esdi\/wp-json\/wp\/v2\/media\/2170"}],"wp:attachment":[{"href":"https:\/\/maestrazgo.org\/esdi\/wp-json\/wp\/v2\/media?parent=1901"}],"wp:term":[{"taxonomy":"category","embeddable":true,"href":"https:\/\/maestrazgo.org\/esdi\/wp-json\/wp\/v2\/categories?post=1901"},{"taxonomy":"post_tag","embeddable":true,"href":"https:\/\/maestrazgo.org\/esdi\/wp-json\/wp\/v2\/tags?post=1901"}],"curies":[{"name":"wp","href":"https:\/\/api.w.org\/{rel}","templated":true}]}}