{"id":1699,"date":"2016-04-10T10:38:22","date_gmt":"2016-04-10T10:38:22","guid":{"rendered":"http:\/\/maestrazgo.org\/esdi\/?p=1699"},"modified":"2023-03-20T14:06:57","modified_gmt":"2023-03-20T13:06:57","slug":"visita-master-geografia-al-maestrazgo","status":"publish","type":"post","link":"https:\/\/maestrazgo.org\/esdi\/visita-master-geografia-al-maestrazgo\/","title":{"rendered":"Visita M\u00e1ster de Geograf\u00eda al Maestrazgo"},"content":{"rendered":"<p>El pasado 8 de abril, la Asociaci\u00f3n para el Desarrollo del Maestrazgo hizo de anfitriona de un grupo de alumnos del M\u00e1ster Universitario en Ordenaci\u00f3n Territorial y Medioambiental de la Universidad de Zaragoza. La visita de campo, programada por el profesor Pascual Rubio, ten\u00eda el objetivo de mostrar a los alumnos las herramientas de gesti\u00f3n territorial que se manejan en la zona, vinculadas especialmente a la gesti\u00f3n de fondos y proyectos europeos.<\/p>\n<p><img loading=\"lazy\" decoding=\"async\" class=\"aligncenter wp-image-2296 size-large\" src=\"https:\/\/maestrazgo.org\/esdi\/wp-content\/uploads\/2016\/04\/IMG_20160408_110812-1024x768.jpg\" alt=\"\" width=\"1024\" height=\"768\" srcset=\"https:\/\/maestrazgo.org\/esdi\/wp-content\/uploads\/2016\/04\/IMG_20160408_110812-1024x768.jpg 1024w, https:\/\/maestrazgo.org\/esdi\/wp-content\/uploads\/2016\/04\/IMG_20160408_110812-300x225.jpg 300w, https:\/\/maestrazgo.org\/esdi\/wp-content\/uploads\/2016\/04\/IMG_20160408_110812-768x576.jpg 768w, https:\/\/maestrazgo.org\/esdi\/wp-content\/uploads\/2016\/04\/IMG_20160408_110812-1536x1152.jpg 1536w, https:\/\/maestrazgo.org\/esdi\/wp-content\/uploads\/2016\/04\/IMG_20160408_110812-2048x1536.jpg 2048w, https:\/\/maestrazgo.org\/esdi\/wp-content\/uploads\/2016\/04\/IMG_20160408_110812-800x600.jpg 800w, https:\/\/maestrazgo.org\/esdi\/wp-content\/uploads\/2016\/04\/IMG_20160408_110812-700x525.jpg 700w\" sizes=\"auto, (max-width: 1024px) 100vw, 1024px\" \/><\/p>\n<p>La visita se inici\u00f3 con una charla-debate en la sede de ADEMA, donde los alumnos pudieron conocer la gesti\u00f3n de las \u00e1reas de trabajo de ADEMA (fondos Leader y Europe Direct CAIRE) y del Parque Cultural del Maestrazgo (Geoparque Mundial de la UNESCO). Desde el primer momento, los alumnos se mostraron muy interesados por la situaci\u00f3n de la zona respecto a la creciente despoblaci\u00f3n del territorio, la coordinaci\u00f3n institucional para acometer la recuperaci\u00f3n del territorio y los casos de \u00e9xito y fracaso de la metodolog\u00eda Leader durante las \u00faltimas d\u00e9cadas.<\/p>\n<p>&nbsp;<\/p>\n<p><img loading=\"lazy\" decoding=\"async\" class=\"wp-image-2298 size-large\" src=\"https:\/\/maestrazgo.org\/esdi\/wp-content\/uploads\/2016\/04\/IMG_20160408_124058-1024x575.jpg\" alt=\"\" width=\"1024\" height=\"575\" srcset=\"https:\/\/maestrazgo.org\/esdi\/wp-content\/uploads\/2016\/04\/IMG_20160408_124058-1024x575.jpg 1024w, https:\/\/maestrazgo.org\/esdi\/wp-content\/uploads\/2016\/04\/IMG_20160408_124058-300x168.jpg 300w, https:\/\/maestrazgo.org\/esdi\/wp-content\/uploads\/2016\/04\/IMG_20160408_124058-768x431.jpg 768w, https:\/\/maestrazgo.org\/esdi\/wp-content\/uploads\/2016\/04\/IMG_20160408_124058-1536x863.jpg 1536w, https:\/\/maestrazgo.org\/esdi\/wp-content\/uploads\/2016\/04\/IMG_20160408_124058-2048x1150.jpg 2048w, https:\/\/maestrazgo.org\/esdi\/wp-content\/uploads\/2016\/04\/IMG_20160408_124058-700x393.jpg 700w, https:\/\/maestrazgo.org\/esdi\/wp-content\/uploads\/2016\/04\/IMG_20160408_124058-539x303.jpg 539w\" sizes=\"auto, (max-width: 1024px) 100vw, 1024px\" \/><\/p>\n<p>Tras finalizar la charla, los alumnos se dirigieron junto a los t\u00e9cnicos de ADEMA a conocer el paisaje y los municipios de monta\u00f1a del Maestrazgo a trav\u00e9s de la carretera A-1702 hacia Villarluengo. Tras hacer una parada t\u00e9cnica en las Mas\u00edas de Ejulve para hablar sobre el incendio de 2009, la vida en las masadas y el mal estado de la carretera en ese tramo, se dirigieron hacia el mirador de los \u00d3rganos de Montoro para disfrutar de uno de los Monumentos Naturales m\u00e1s espectaculares de Arag\u00f3n.<\/p>\n<p><img loading=\"lazy\" decoding=\"async\" class=\"aligncenter wp-image-2299 size-large\" src=\"https:\/\/maestrazgo.org\/esdi\/wp-content\/uploads\/2016\/04\/IMG_20160408_130010-1024x575.jpg\" alt=\"\" width=\"1024\" height=\"575\" srcset=\"https:\/\/maestrazgo.org\/esdi\/wp-content\/uploads\/2016\/04\/IMG_20160408_130010-1024x575.jpg 1024w, https:\/\/maestrazgo.org\/esdi\/wp-content\/uploads\/2016\/04\/IMG_20160408_130010-300x168.jpg 300w, https:\/\/maestrazgo.org\/esdi\/wp-content\/uploads\/2016\/04\/IMG_20160408_130010-768x431.jpg 768w, https:\/\/maestrazgo.org\/esdi\/wp-content\/uploads\/2016\/04\/IMG_20160408_130010-1536x863.jpg 1536w, https:\/\/maestrazgo.org\/esdi\/wp-content\/uploads\/2016\/04\/IMG_20160408_130010-2048x1150.jpg 2048w, https:\/\/maestrazgo.org\/esdi\/wp-content\/uploads\/2016\/04\/IMG_20160408_130010-700x393.jpg 700w, https:\/\/maestrazgo.org\/esdi\/wp-content\/uploads\/2016\/04\/IMG_20160408_130010-539x303.jpg 539w\" sizes=\"auto, (max-width: 1024px) 100vw, 1024px\" \/><\/p>\n<p>Antes de disfrutar de la comida, se organiz\u00f3 en el Centro de Interpretaci\u00f3n Ambiental de Villarluengo una charla con el alcalde del municipio, Jos\u00e9 Antonio Domingo, para conocer su experiencia como regidor municipal y tambi\u00e9n para hablar de las ayudas Leader de las que ha sido beneficiario como promotor empresarial.<\/p>\n<p><img loading=\"lazy\" decoding=\"async\" class=\"size-large wp-image-2300 alignleft\" src=\"https:\/\/maestrazgo.org\/esdi\/wp-content\/uploads\/2016\/04\/IMG_20160408_133626-1024x575.jpg\" alt=\"\" width=\"1024\" height=\"575\" srcset=\"https:\/\/maestrazgo.org\/esdi\/wp-content\/uploads\/2016\/04\/IMG_20160408_133626-1024x575.jpg 1024w, https:\/\/maestrazgo.org\/esdi\/wp-content\/uploads\/2016\/04\/IMG_20160408_133626-300x168.jpg 300w, https:\/\/maestrazgo.org\/esdi\/wp-content\/uploads\/2016\/04\/IMG_20160408_133626-768x431.jpg 768w, https:\/\/maestrazgo.org\/esdi\/wp-content\/uploads\/2016\/04\/IMG_20160408_133626-1536x863.jpg 1536w, https:\/\/maestrazgo.org\/esdi\/wp-content\/uploads\/2016\/04\/IMG_20160408_133626-2048x1150.jpg 2048w, https:\/\/maestrazgo.org\/esdi\/wp-content\/uploads\/2016\/04\/IMG_20160408_133626-700x393.jpg 700w, https:\/\/maestrazgo.org\/esdi\/wp-content\/uploads\/2016\/04\/IMG_20160408_133626-539x303.jpg 539w\" sizes=\"auto, (max-width: 1024px) 100vw, 1024px\" \/><\/p>\n<p>La comida se desarroll\u00f3 en el Hostal Torremontesanto, donde los alumnos tuvieron la oportunidad de departir con sus due\u00f1os en la sobremesa sobre su experiencia como promotores de una vivienda de turismo rural situada en una masada torreada a las afueras de Villarluengo. Uno de los principales objetivos de la visita era conocer la experiencia de los promotores privados con las ayudas Leader, por lo que se aprovech\u00f3 la ocasi\u00f3n para debatir sobre esta cuesti\u00f3n y los due\u00f1os del establecimiento ofrecieron a los alumnos una visita guiada por las instalaciones y un acercamiento a la actividad ganadera en el municipio.<\/p>\n<p>Para concluir la visita, antes de volver a Zaragoza los alumnos se dirigieron a Montoro de Mezquita, donde estaba prevista una entrevista con Mari Carmen Olague y Jos\u00e9 Luis Lagares, promotores de casas de turismo rural y amantes de la naturaleza. Los alumnos quedaron impresionados por el paisaje de la localidad y conocieron de primera mano las dificultades de supervivencia de sus habitantes, la lucha de la Asociaci\u00f3n para el Desarrollo de Montoro de Mezquita y los proyectos y las inversiones en viviendas de turismo rural de los anfitriones.<\/p>\n<p>Los alumnos, provenientes de varios territorios (Cuba, Valencia, Pa\u00eds Vasco, Arag\u00f3n, etc.) quedaron encantados con la visita, porque reconocieron que visitar un medio rural tan extremo y tan despoblado no tiene nada que ver con las descripciones que pueden dar los libros universitarios sobre el desarrollo rural, donde la perspectiva suele estar m\u00e1s dulcificada.<\/p>\n","protected":false},"excerpt":{"rendered":"<p>El pasado 8 de abril, la Asociaci\u00f3n para el Desarrollo del Maestrazgo hizo de anfitriona de un grupo de alumnos del M\u00e1ster Universitario en Ordenaci\u00f3n Territorial y Medioambiental de la Universidad de Zaragoza. La visita de campo, programada por el profesor Pascual Rubio, ten\u00eda el&#8230;<\/p>\n","protected":false},"author":2,"featured_media":2296,"comment_status":"open","ping_status":"open","sticky":false,"template":"","format":"standard","meta":{"footnotes":""},"categories":[7,8,11,29,4],"tags":[15,54,9,10,31,13,55,56,57],"class_list":["post-1699","post","type-post","status-publish","format-standard","has-post-thumbnail","hentry","category-custodiaterritorio","category-despoblacion","category-europedirectcaire","category-fondosleader","category-noticias","tag-adema","tag-alumnos","tag-despoblacion","tag-esdi","tag-leader","tag-maestrazgo","tag-molinos","tag-ordenacion-del-territorio","tag-universidad"],"_links":{"self":[{"href":"https:\/\/maestrazgo.org\/esdi\/wp-json\/wp\/v2\/posts\/1699","targetHints":{"allow":["GET"]}}],"collection":[{"href":"https:\/\/maestrazgo.org\/esdi\/wp-json\/wp\/v2\/posts"}],"about":[{"href":"https:\/\/maestrazgo.org\/esdi\/wp-json\/wp\/v2\/types\/post"}],"author":[{"embeddable":true,"href":"https:\/\/maestrazgo.org\/esdi\/wp-json\/wp\/v2\/users\/2"}],"replies":[{"embeddable":true,"href":"https:\/\/maestrazgo.org\/esdi\/wp-json\/wp\/v2\/comments?post=1699"}],"version-history":[{"count":3,"href":"https:\/\/maestrazgo.org\/esdi\/wp-json\/wp\/v2\/posts\/1699\/revisions"}],"predecessor-version":[{"id":2302,"href":"https:\/\/maestrazgo.org\/esdi\/wp-json\/wp\/v2\/posts\/1699\/revisions\/2302"}],"wp:featuredmedia":[{"embeddable":true,"href":"https:\/\/maestrazgo.org\/esdi\/wp-json\/wp\/v2\/media\/2296"}],"wp:attachment":[{"href":"https:\/\/maestrazgo.org\/esdi\/wp-json\/wp\/v2\/media?parent=1699"}],"wp:term":[{"taxonomy":"category","embeddable":true,"href":"https:\/\/maestrazgo.org\/esdi\/wp-json\/wp\/v2\/categories?post=1699"},{"taxonomy":"post_tag","embeddable":true,"href":"https:\/\/maestrazgo.org\/esdi\/wp-json\/wp\/v2\/tags?post=1699"}],"curies":[{"name":"wp","href":"https:\/\/api.w.org\/{rel}","templated":true}]}}