{"id":1579,"date":"2016-03-21T11:41:53","date_gmt":"2016-03-21T11:41:53","guid":{"rendered":"http:\/\/maestrazgo.org\/esdi\/?p=1579"},"modified":"2023-03-20T14:07:15","modified_gmt":"2023-03-20T13:07:15","slug":"la-ue-celebrara-por-primera-vez-una-doble-jornada-sobre-despoblacion","status":"publish","type":"post","link":"https:\/\/maestrazgo.org\/esdi\/la-ue-celebrara-por-primera-vez-una-doble-jornada-sobre-despoblacion\/","title":{"rendered":"La UE celebrar\u00e1 por primera vez jornada despoblaci\u00f3n"},"content":{"rendered":"<ul class=\"tipo1\">\n<li>A instancias de \u2018Primavera Europea&#8217;, el Parlamento reconoce y da visibilidad a este problema que afecta a algunas zonas de la Uni\u00f3n.<\/li>\n<li><em>Los d\u00edas 1 y 2 de junio se celebrar\u00e1 la cita titulada \u2018\u00c1reas poco pobladas y severamente despobladas: un problema para el desarrollo de la Uni\u00f3n Europea&#8217;.<\/em><\/li>\n<\/ul>\n<p><img loading=\"lazy\" decoding=\"async\" class=\"aligncenter size-full wp-image-2305\" src=\"https:\/\/maestrazgo.org\/esdi\/wp-content\/uploads\/2016\/03\/2012989394jpg116696491ecfd9f8_48053952.jpg\" alt=\"\" width=\"720\" height=\"539\" srcset=\"https:\/\/maestrazgo.org\/esdi\/wp-content\/uploads\/2016\/03\/2012989394jpg116696491ecfd9f8_48053952.jpg 720w, https:\/\/maestrazgo.org\/esdi\/wp-content\/uploads\/2016\/03\/2012989394jpg116696491ecfd9f8_48053952-300x225.jpg 300w, https:\/\/maestrazgo.org\/esdi\/wp-content\/uploads\/2016\/03\/2012989394jpg116696491ecfd9f8_48053952-700x524.jpg 700w\" sizes=\"auto, (max-width: 720px) 100vw, 720px\" \/><\/p>\n<p>La coalici\u00f3n pol\u00edtica espa\u00f1ola \u2018Primavera Europea&#8217; ha conseguido que la Uni\u00f3n Europea reconozca el problema de la despoblaci\u00f3n y celebre una doble jornada para conocer tanto la situaci\u00f3n de pa\u00edses que la sufren, as\u00ed como las pol\u00edticas que han permitido superar en otros lugares. Ser\u00e1 los d\u00edas 1 y 2 de junio cuando la sede del Parlamento Europeo acoger\u00e1 esta cita bajo el t\u00edtulo: \u2018\u00c1reas poco pobladas y severamente despobladas: un problema para el desarrollo de la Uni\u00f3n Europea&#8217;.<\/p>\n<p><strong>La doble jornada reunir\u00e1 a cerca de un centenar de expertos de diferentes pa\u00edses de la Uni\u00f3n<\/strong><\/p>\n<p>Es la primera vez, desde la constituci\u00f3n del m\u00e1ximo \u00f3rgano de decisi\u00f3n de Europa, en 1952, que se celebrar\u00e1 una jornada que haga visible un mal que ha hecho, por ejemplo en Castilla y Le\u00f3n que la poblaci\u00f3n actual sea la misma que en 1900, cuando en otras regiones del pa\u00eds semejantes a la nuestra se ha m\u00e1s que duplicado durante este periodo. Es por ello que el objetivo de esta jornada sea trasladar este problema al Europarlamento para que la despoblaci\u00f3n sea tenida en cuenta como una prioridad en la agenda pol\u00edtica.<\/p>\n<p>Y es que, a pesar de las pol\u00edticas llevadas a cabo durante lustros, el balance de la Castilla y Le\u00f3n siempre ha sido negativo. Lo mismo ocurre con Arag\u00f3n, otra de las regiones que demandan soluciones procedentes de Europa para encontrar una salida a la despoblaci\u00f3n. En este sentido, la doble jornada servir\u00e1 para dar a conocer a la Uni\u00f3n los graves problemas de despoblaci\u00f3n que sufren muchas zonas del pa\u00eds, as\u00ed como para recoger pol\u00edticas acertadas que han tenido efecto en pa\u00edses del norte de Europa.<\/p>\n<p>La doble jornada contar\u00e1 con la participaci\u00f3n de cerca de un centenar de personas, entre las que se encontrar\u00e1n t\u00e9cnicos de la Comisi\u00f3n Europea, asesores de los grupos del Parlamento Europeo, representantes pol\u00edticos y agentes sociales de los territorios afectados.<\/p>\n<p>Fuente: <a href=\"http:\/\/www.redr.es\" target=\"_blank\" rel=\"noopener\">www.redr.es<\/a><\/p>\n<p>&nbsp;<\/p>\n","protected":false},"excerpt":{"rendered":"<p>A instancias de \u2018Primavera Europea&#8217;, el Parlamento reconoce y da visibilidad a este problema que afecta a algunas zonas de la Uni\u00f3n. Los d\u00edas 1 y 2 de junio se celebrar\u00e1 la cita titulada \u2018\u00c1reas poco pobladas y severamente despobladas: un problema para el desarrollo&#8230;<\/p>\n","protected":false},"author":2,"featured_media":2305,"comment_status":"open","ping_status":"open","sticky":false,"template":"","format":"standard","meta":{"footnotes":""},"categories":[8,11,4],"tags":[9,47],"class_list":["post-1579","post","type-post","status-publish","format-standard","has-post-thumbnail","hentry","category-despoblacion","category-europedirectcaire","category-noticias","tag-despoblacion","tag-union-europea"],"_links":{"self":[{"href":"https:\/\/maestrazgo.org\/esdi\/wp-json\/wp\/v2\/posts\/1579","targetHints":{"allow":["GET"]}}],"collection":[{"href":"https:\/\/maestrazgo.org\/esdi\/wp-json\/wp\/v2\/posts"}],"about":[{"href":"https:\/\/maestrazgo.org\/esdi\/wp-json\/wp\/v2\/types\/post"}],"author":[{"embeddable":true,"href":"https:\/\/maestrazgo.org\/esdi\/wp-json\/wp\/v2\/users\/2"}],"replies":[{"embeddable":true,"href":"https:\/\/maestrazgo.org\/esdi\/wp-json\/wp\/v2\/comments?post=1579"}],"version-history":[{"count":1,"href":"https:\/\/maestrazgo.org\/esdi\/wp-json\/wp\/v2\/posts\/1579\/revisions"}],"predecessor-version":[{"id":2306,"href":"https:\/\/maestrazgo.org\/esdi\/wp-json\/wp\/v2\/posts\/1579\/revisions\/2306"}],"wp:featuredmedia":[{"embeddable":true,"href":"https:\/\/maestrazgo.org\/esdi\/wp-json\/wp\/v2\/media\/2305"}],"wp:attachment":[{"href":"https:\/\/maestrazgo.org\/esdi\/wp-json\/wp\/v2\/media?parent=1579"}],"wp:term":[{"taxonomy":"category","embeddable":true,"href":"https:\/\/maestrazgo.org\/esdi\/wp-json\/wp\/v2\/categories?post=1579"},{"taxonomy":"post_tag","embeddable":true,"href":"https:\/\/maestrazgo.org\/esdi\/wp-json\/wp\/v2\/tags?post=1579"}],"curies":[{"name":"wp","href":"https:\/\/api.w.org\/{rel}","templated":true}]}}