{"id":1516,"date":"2015-06-19T08:51:43","date_gmt":"2015-06-19T08:51:43","guid":{"rendered":"http:\/\/maestrazgo.org\/esdi\/?p=1516"},"modified":"2023-03-20T14:07:45","modified_gmt":"2023-03-20T13:07:45","slug":"periodico-maestrazgo-informacion-no65-junio-2015","status":"publish","type":"post","link":"https:\/\/maestrazgo.org\/esdi\/periodico-maestrazgo-informacion-no65-junio-2015\/","title":{"rendered":"Peri\u00f3dico Maestrazgo Informaci\u00f3n N\u00ba65 Junio 2015."},"content":{"rendered":"<p><img loading=\"lazy\" decoding=\"async\" class=\"alignleft wp-image-2316 size-medium\" src=\"https:\/\/maestrazgo.org\/esdi\/wp-content\/uploads\/2015\/06\/portada65-215x300.jpg\" alt=\"\" width=\"215\" height=\"300\" srcset=\"https:\/\/maestrazgo.org\/esdi\/wp-content\/uploads\/2015\/06\/portada65-215x300.jpg 215w, https:\/\/maestrazgo.org\/esdi\/wp-content\/uploads\/2015\/06\/portada65-732x1024.jpg 732w, https:\/\/maestrazgo.org\/esdi\/wp-content\/uploads\/2015\/06\/portada65-768x1074.jpg 768w, https:\/\/maestrazgo.org\/esdi\/wp-content\/uploads\/2015\/06\/portada65-700x979.jpg 700w, https:\/\/maestrazgo.org\/esdi\/wp-content\/uploads\/2015\/06\/portada65.jpg 947w\" sizes=\"auto, (max-width: 215px) 100vw, 215px\" \/>Ya est\u00e1 disponible el nuevo n\u00famero del peri\u00f3dico Maestrazgo Informaci\u00f3n, correspondiente al mes de junio de 2015 (N\u00ba65). En este nuevo n\u00famero del peri\u00f3dico comarcal encontraremos interesantes noticias, como los resultados de las elecciones municipales y auton\u00f3micas en la Comarca del Maestrazgo. Tambi\u00e9n conoceremos de primera mano en una entrevista en la contraportada a Ant\u00f3n Castro, primer Embajador del Maestrazgo y de este proyecto que iniciamos, el Espacio Social de Innovaci\u00f3n Rural \u00abESDI\u00bb Maestrazgo.<\/p>\n<p><a href=\"https:\/\/maestrazgo.org\/esdi\/wp-content\/uploads\/2015\/06\/periodico65-todas.pdf\" target=\"_blank\" rel=\"noopener\">Descargar peri\u00f3dico N\u00ba65 en pdf (17 Mb)<\/a><\/p>\n","protected":false},"excerpt":{"rendered":"<p>Ya est\u00e1 disponible el nuevo n\u00famero del peri\u00f3dico Maestrazgo Informaci\u00f3n, correspondiente al mes de junio de 2015 (N\u00ba65). En este nuevo n\u00famero del peri\u00f3dico comarcal encontraremos interesantes noticias, como los resultados de las elecciones municipales y auton\u00f3micas en la Comarca del Maestrazgo. Tambi\u00e9n conoceremos de&#8230;<\/p>\n","protected":false},"author":2,"featured_media":2316,"comment_status":"open","ping_status":"open","sticky":false,"template":"","format":"standard","meta":{"footnotes":""},"categories":[11,4],"tags":[15,36,17,18,37,19],"class_list":["post-1516","post","type-post","status-publish","format-standard","has-post-thumbnail","hentry","category-europedirectcaire","category-noticias","tag-adema","tag-elecciones","tag-esdi-maestrazgo","tag-europe-direct-caire","tag-junio-2015","tag-periodico"],"_links":{"self":[{"href":"https:\/\/maestrazgo.org\/esdi\/wp-json\/wp\/v2\/posts\/1516","targetHints":{"allow":["GET"]}}],"collection":[{"href":"https:\/\/maestrazgo.org\/esdi\/wp-json\/wp\/v2\/posts"}],"about":[{"href":"https:\/\/maestrazgo.org\/esdi\/wp-json\/wp\/v2\/types\/post"}],"author":[{"embeddable":true,"href":"https:\/\/maestrazgo.org\/esdi\/wp-json\/wp\/v2\/users\/2"}],"replies":[{"embeddable":true,"href":"https:\/\/maestrazgo.org\/esdi\/wp-json\/wp\/v2\/comments?post=1516"}],"version-history":[{"count":1,"href":"https:\/\/maestrazgo.org\/esdi\/wp-json\/wp\/v2\/posts\/1516\/revisions"}],"predecessor-version":[{"id":2317,"href":"https:\/\/maestrazgo.org\/esdi\/wp-json\/wp\/v2\/posts\/1516\/revisions\/2317"}],"wp:featuredmedia":[{"embeddable":true,"href":"https:\/\/maestrazgo.org\/esdi\/wp-json\/wp\/v2\/media\/2316"}],"wp:attachment":[{"href":"https:\/\/maestrazgo.org\/esdi\/wp-json\/wp\/v2\/media?parent=1516"}],"wp:term":[{"taxonomy":"category","embeddable":true,"href":"https:\/\/maestrazgo.org\/esdi\/wp-json\/wp\/v2\/categories?post=1516"},{"taxonomy":"post_tag","embeddable":true,"href":"https:\/\/maestrazgo.org\/esdi\/wp-json\/wp\/v2\/tags?post=1516"}],"curies":[{"name":"wp","href":"https:\/\/api.w.org\/{rel}","templated":true}]}}