{"id":1512,"date":"2015-05-04T12:25:04","date_gmt":"2015-05-04T12:25:04","guid":{"rendered":"http:\/\/maestrazgo.org\/esdi\/?p=1512"},"modified":"2023-03-20T14:07:53","modified_gmt":"2023-03-20T13:07:53","slug":"v-premios-maestrazgo-europa-cantavieja-6-de-mayo","status":"publish","type":"post","link":"https:\/\/maestrazgo.org\/esdi\/v-premios-maestrazgo-europa-cantavieja-6-de-mayo\/","title":{"rendered":"V Premios Maestrazgo &#8211; Europa (Cantavieja, 6 de mayo)"},"content":{"rendered":"<p>La Comarca del Maestrazgo y la Asociaci\u00f3n para el Desarrollo del Maestrazgo (ADEMA) celebrar\u00e1n, el pr\u00f3ximo mi\u00e9rcoles d\u00eda 6 de mayo a las 19 horas, la entrega de los Premios Maestrazgo \u2013 Europa en la que ya es su quinta edici\u00f3n. Este a\u00f1o el evento incluye como novedad nuevas categor\u00edas de premiados y se enmarca en la celebraci\u00f3n del D\u00eda de Europa el 9 de mayo por parte del Europe Direct CAIRE, punto de informaci\u00f3n europea vinculado al territorio desde el a\u00f1o 1994.<\/p>\n<p>En el acto, que tendr\u00e1 lugar en la sede de la Comarca del Maestrazgo en Cantavieja, participar\u00e1n como anfitriones el alcalde del municipio, Ricardo Altab\u00e1s, el presidente de la Comarca del Maestrazgo, Arturo Mart\u00edn y el Presidente de Adema, \u00c1ngel Blas Vinaja.<\/p>\n<p>Estos premios se otorgaron por primera vez en el a\u00f1o 2010, promovidos por Adema y la Comarca del Maestrazgo. En aquella primera edici\u00f3n los premiados fueron la Asociaci\u00f3n de Empresarios Tur\u00edsticos del Maestrazgo, al m\u00e9rito empresarial, y Paquita Cebri\u00e1n y \u00c1gueda Asensio, gu\u00edas de la Iglesia de la Carrasca de Bord\u00f3n, al m\u00e9rito social. El a\u00f1o 2011 tuvo lugar la segunda edici\u00f3n, siendo premiados entonces el comercio La Bodega de Castellote con el m\u00e9rito empresarial y la Asociaci\u00f3n Ontejas de Fortanete al m\u00e9rito social. En la edici\u00f3n del 2012 los premios fueron entregados al Hotel Mercadales de Fortanete, al M\u00e9rito Empresarial, y a la Asociaci\u00f3n para el Desarrollo de Montoro de Mezquita al M\u00e9rito Social y en la de 2013 Las Moradas del Temple recibi\u00f3 el M\u00e9rito Empresarial y la Asociaci\u00f3n Cultural de Miravete de la Sierra al M\u00e9rito Social.<\/p>\n<p>La Comarca del Maestrazgo y la Asociaci\u00f3n para el Desarrollo del Maestrazgo (ADEMA) colaboran habitualmente y ambas entidades consideran\u00a0 que es una buena iniciativa reconocer la labor continuada o de especial notoriedad e importancia de personas, asociaciones, instituciones o empresas del Maestrazgo en cualquier \u00e1mbito, desde el punto de vista cultural, tur\u00edstico, empresarial o industrial.<\/p>\n<p>Ambas entidades consideran que distinguir de manera honor\u00edfica los logros de aquellos profesionales que han destacado a lo largo de su trayectoria en las empresas para las que prestan sus servicios o que han creado sus propias empresas es una forma de reconocer su dedicaci\u00f3n y su esfuerzo por invertir en este territorio. Igualmente, se consider\u00f3 muy importante valorar el trabajo altruista de todos aquellos que, a trav\u00e9s de las asociaciones, las instituciones o, a nivel particular, aportan parte de su tiempo, sus ideas y esfuerzos a realizar actividades para el bien de su localidad, ya que el trabajo de estas personas conlleva a menudo la promoci\u00f3n de su municipio y de toda su comarca, aportando as\u00ed un valor a\u00f1adido al trabajo que pueden hacer las administraciones.<\/p>\n<p>Con estos objetivos nacieron los Premios Maestrazgo-Europa, con los cuales se agradece el esfuerzo de las personas que tanto aportan al territorio, se dan a conocer iniciativas que pueden servir de modelo para empresas, asociaciones o instituciones y se promueve el acercamiento entre \u00e9stos y las administraciones p\u00fablicas. Este a\u00f1o se introduce como novedad la entrega de dos nuevos galardones, relacionados con l\u00edneas de actuaci\u00f3n puestas en marcha en los \u00faltimos a\u00f1os por la Asociaci\u00f3n para el Desarrollo del Maestrazgo. El Premio Maestrazgo Natural est\u00e1 vinculado al inter\u00e9s por promocionar los valores naturales del Maestrazgo y a las personas y entidades que colaboran en esa tarea, adem\u00e1s de apostar por nuevas herramientas de gesti\u00f3n como la custodia del territorio, de la que ADEMA es entidad asociada desde el a\u00f1o 2009 y creadora en 2014 de la Red Aragonesa de Custodia del Territorio. Por su parte, el Premio Embajador del Maestrazgo se enmarca en un proyecto de reciente creaci\u00f3n, el Espacio Social de Innovaci\u00f3n, donde ADEMA quiere impulsar pol\u00edticas de innovaci\u00f3n social, empresarial y ambiental en el medio rural m\u00e1s aislado; dentro de las diversas l\u00edneas de actuaci\u00f3n del proyecto, la figura del Embajador del Maestrazgo pretende generar lazos afectivos entre el territorio y personas de relevancia social que tienen relaci\u00f3n con el Maestrazgo, ayudando as\u00ed a promocionar la comarca y apadrinar proyectos relacionados con su \u00e1mbito personal o profesional.<\/p>\n<p>En esta quinta edici\u00f3n, cuyos premios se van a entregar el pr\u00f3ximo mi\u00e9rcoles 6 de mayo, se ha decidido premiar a:<\/p>\n<ul>\n<li>M\u00e9rito Empresarial:<\/li>\n<\/ul>\n<p>Jamones Ramiro Guill\u00e9n (Villarroya de los Pinares)<\/p>\n<ul>\n<li>M\u00e9rito Social:<\/li>\n<\/ul>\n<p>Agrupaci\u00f3n Turolense de Asociaciones de personas con Discapacidad Intelectual (ATADI)<\/p>\n<ul>\n<li>Maestrazgo Natural:<\/li>\n<\/ul>\n<p>Javier Oquendo \u2013 Escuela de Actividades en la Naturaleza EANA (Castellote)<\/p>\n<ul>\n<li>Embajador del Maestrazgo:<\/li>\n<\/ul>\n<p>Anton Castro \u2013 Escritor y comunicador<\/p>\n","protected":false},"excerpt":{"rendered":"<p>La Comarca del Maestrazgo y la Asociaci\u00f3n para el Desarrollo del Maestrazgo (ADEMA) celebrar\u00e1n, el pr\u00f3ximo mi\u00e9rcoles d\u00eda 6 de mayo a las 19 horas, la entrega de los Premios Maestrazgo \u2013 Europa en la que ya es su quinta edici\u00f3n. Este a\u00f1o el evento&#8230;<\/p>\n","protected":false},"author":2,"featured_media":2318,"comment_status":"open","ping_status":"open","sticky":false,"template":"","format":"standard","meta":{"footnotes":""},"categories":[6,7,34,3,11,4],"tags":[15,32,33,17,35],"class_list":["post-1512","post","type-post","status-publish","format-standard","has-post-thumbnail","hentry","category-colaboradores","category-custodiaterritorio","category-economiasocial","category-emprendedores","category-europedirectcaire","category-noticias","tag-adema","tag-anton-castro","tag-comarca-maestrazgo","tag-esdi-maestrazgo","tag-premios-maestrazgo-europa"],"_links":{"self":[{"href":"https:\/\/maestrazgo.org\/esdi\/wp-json\/wp\/v2\/posts\/1512","targetHints":{"allow":["GET"]}}],"collection":[{"href":"https:\/\/maestrazgo.org\/esdi\/wp-json\/wp\/v2\/posts"}],"about":[{"href":"https:\/\/maestrazgo.org\/esdi\/wp-json\/wp\/v2\/types\/post"}],"author":[{"embeddable":true,"href":"https:\/\/maestrazgo.org\/esdi\/wp-json\/wp\/v2\/users\/2"}],"replies":[{"embeddable":true,"href":"https:\/\/maestrazgo.org\/esdi\/wp-json\/wp\/v2\/comments?post=1512"}],"version-history":[{"count":1,"href":"https:\/\/maestrazgo.org\/esdi\/wp-json\/wp\/v2\/posts\/1512\/revisions"}],"predecessor-version":[{"id":2319,"href":"https:\/\/maestrazgo.org\/esdi\/wp-json\/wp\/v2\/posts\/1512\/revisions\/2319"}],"wp:featuredmedia":[{"embeddable":true,"href":"https:\/\/maestrazgo.org\/esdi\/wp-json\/wp\/v2\/media\/2318"}],"wp:attachment":[{"href":"https:\/\/maestrazgo.org\/esdi\/wp-json\/wp\/v2\/media?parent=1512"}],"wp:term":[{"taxonomy":"category","embeddable":true,"href":"https:\/\/maestrazgo.org\/esdi\/wp-json\/wp\/v2\/categories?post=1512"},{"taxonomy":"post_tag","embeddable":true,"href":"https:\/\/maestrazgo.org\/esdi\/wp-json\/wp\/v2\/tags?post=1512"}],"curies":[{"name":"wp","href":"https:\/\/api.w.org\/{rel}","templated":true}]}}