{"id":1482,"date":"2015-04-24T08:38:36","date_gmt":"2015-04-24T08:38:36","guid":{"rendered":"http:\/\/maestrazgo.org\/esdi\/?p=1482"},"modified":"2023-03-20T14:08:18","modified_gmt":"2023-03-20T13:08:18","slug":"participacion-en-la-feria-de-la-portellada-1-de-mayo","status":"publish","type":"post","link":"https:\/\/maestrazgo.org\/esdi\/participacion-en-la-feria-de-la-portellada-1-de-mayo\/","title":{"rendered":"Participaci\u00f3n en la Feria de La Portellada (1 de mayo)"},"content":{"rendered":"<p>El Grupo de Acci\u00f3n Local ADEMA (Maestrazgo), entidad de custodia del territorio que ha desarrollado en el a\u00f1o 2014 la creaci\u00f3n de la Red Aragonesa de Custodia del Territorio (herramienta de innovaci\u00f3n ambiental que va a ser uno de los ejes principales de trabajo del ESDI Maestrazgo), participa el pr\u00f3ximo 1 de mayo en la I Feria del Huerto y el Jard\u00edn de La Portellada, con la presentaci\u00f3n de la Revista del CAIRE N\u00ba15 \u00abCustodia del Territorio en Arag\u00f3n, Espa\u00f1a y Europa\u00bb.<\/p>\n<p><img loading=\"lazy\" decoding=\"async\" class=\"aligncenter size-large wp-image-2322\" src=\"https:\/\/maestrazgo.org\/esdi\/wp-content\/uploads\/2015\/04\/feria-la-portellada-folleto1-1024x509.jpg\" alt=\"\" width=\"1024\" height=\"509\" srcset=\"https:\/\/maestrazgo.org\/esdi\/wp-content\/uploads\/2015\/04\/feria-la-portellada-folleto1-1024x509.jpg 1024w, https:\/\/maestrazgo.org\/esdi\/wp-content\/uploads\/2015\/04\/feria-la-portellada-folleto1-300x149.jpg 300w, https:\/\/maestrazgo.org\/esdi\/wp-content\/uploads\/2015\/04\/feria-la-portellada-folleto1-768x381.jpg 768w, https:\/\/maestrazgo.org\/esdi\/wp-content\/uploads\/2015\/04\/feria-la-portellada-folleto1-700x348.jpg 700w, https:\/\/maestrazgo.org\/esdi\/wp-content\/uploads\/2015\/04\/feria-la-portellada-folleto1.jpg 1206w\" sizes=\"auto, (max-width: 1024px) 100vw, 1024px\" \/> <img loading=\"lazy\" decoding=\"async\" class=\"aligncenter size-large wp-image-2323\" src=\"https:\/\/maestrazgo.org\/esdi\/wp-content\/uploads\/2015\/04\/feria-la-portellada-folleto2-1024x508.jpg\" alt=\"\" width=\"1024\" height=\"508\" srcset=\"https:\/\/maestrazgo.org\/esdi\/wp-content\/uploads\/2015\/04\/feria-la-portellada-folleto2-1024x508.jpg 1024w, https:\/\/maestrazgo.org\/esdi\/wp-content\/uploads\/2015\/04\/feria-la-portellada-folleto2-300x149.jpg 300w, https:\/\/maestrazgo.org\/esdi\/wp-content\/uploads\/2015\/04\/feria-la-portellada-folleto2-768x381.jpg 768w, https:\/\/maestrazgo.org\/esdi\/wp-content\/uploads\/2015\/04\/feria-la-portellada-folleto2-700x347.jpg 700w, https:\/\/maestrazgo.org\/esdi\/wp-content\/uploads\/2015\/04\/feria-la-portellada-folleto2.jpg 1207w\" sizes=\"auto, (max-width: 1024px) 100vw, 1024px\" \/><\/p>\n","protected":false},"excerpt":{"rendered":"<p>El Grupo de Acci\u00f3n Local ADEMA (Maestrazgo), entidad de custodia del territorio que ha desarrollado en el a\u00f1o 2014 la creaci\u00f3n de la Red Aragonesa de Custodia del Territorio (herramienta de innovaci\u00f3n ambiental que va a ser uno de los ejes principales de trabajo del&#8230;<\/p>\n","protected":false},"author":2,"featured_media":2322,"comment_status":"open","ping_status":"open","sticky":false,"template":"","format":"standard","meta":{"footnotes":""},"categories":[6,7,4],"tags":[15,20,17,21,22,23,24,25],"class_list":["post-1482","post","type-post","status-publish","format-standard","has-post-thumbnail","hentry","category-colaboradores","category-custodiaterritorio","category-noticias","tag-adema","tag-custodia-del-territorio","tag-esdi-maestrazgo","tag-feria","tag-huerto","tag-jardin","tag-la-portellada","tag-matarranya"],"_links":{"self":[{"href":"https:\/\/maestrazgo.org\/esdi\/wp-json\/wp\/v2\/posts\/1482","targetHints":{"allow":["GET"]}}],"collection":[{"href":"https:\/\/maestrazgo.org\/esdi\/wp-json\/wp\/v2\/posts"}],"about":[{"href":"https:\/\/maestrazgo.org\/esdi\/wp-json\/wp\/v2\/types\/post"}],"author":[{"embeddable":true,"href":"https:\/\/maestrazgo.org\/esdi\/wp-json\/wp\/v2\/users\/2"}],"replies":[{"embeddable":true,"href":"https:\/\/maestrazgo.org\/esdi\/wp-json\/wp\/v2\/comments?post=1482"}],"version-history":[{"count":1,"href":"https:\/\/maestrazgo.org\/esdi\/wp-json\/wp\/v2\/posts\/1482\/revisions"}],"predecessor-version":[{"id":2324,"href":"https:\/\/maestrazgo.org\/esdi\/wp-json\/wp\/v2\/posts\/1482\/revisions\/2324"}],"wp:featuredmedia":[{"embeddable":true,"href":"https:\/\/maestrazgo.org\/esdi\/wp-json\/wp\/v2\/media\/2322"}],"wp:attachment":[{"href":"https:\/\/maestrazgo.org\/esdi\/wp-json\/wp\/v2\/media?parent=1482"}],"wp:term":[{"taxonomy":"category","embeddable":true,"href":"https:\/\/maestrazgo.org\/esdi\/wp-json\/wp\/v2\/categories?post=1482"},{"taxonomy":"post_tag","embeddable":true,"href":"https:\/\/maestrazgo.org\/esdi\/wp-json\/wp\/v2\/tags?post=1482"}],"curies":[{"name":"wp","href":"https:\/\/api.w.org\/{rel}","templated":true}]}}