{"id":1014,"date":"2022-03-25T09:08:19","date_gmt":"2022-03-25T09:08:19","guid":{"rendered":"https:\/\/maestrazgo.org\/EuropeDirect\/?p=1014"},"modified":"2022-03-25T09:11:07","modified_gmt":"2022-03-25T09:11:07","slug":"la-ue-refuerza-la-asociacion-con-la-oms-para-impulsar-la-fabricacion-local-y-el-acceso-a-vacunas-medicamentos-y-tecnologias-sanitarias-en-africa","status":"publish","type":"post","link":"https:\/\/maestrazgo.org\/EuropeDirect\/la-ue-refuerza-la-asociacion-con-la-oms-para-impulsar-la-fabricacion-local-y-el-acceso-a-vacunas-medicamentos-y-tecnologias-sanitarias-en-africa\/","title":{"rendered":"La UE refuerza la asociaci\u00f3n con la OMS para impulsar la fabricaci\u00f3n local y el acceso a vacunas, medicamentos y tecnolog\u00edas sanitarias en \u00c1frica"},"content":{"rendered":"<p>Bruselas, 25 de marzo de 2022<\/p>\n<p>Seg\u00fan anunciaron ayer en Ginebra Jutta\u00a0<strong>Urpilainen<\/strong>, comisaria de Asociaciones Internacionales, y Tedros Adhanom Ghebreyesus, director general de la OMS, la Comisi\u00f3n y la OMS est\u00e1n reforzando su asociaci\u00f3n para mejorar el acceso equitativo a vacunas, medicamentos y tecnolog\u00edas sanitarias de calidad, seguros y eficaces en el \u00c1frica subsahariana.<\/p>\n<p>La comisaria\u00a0<strong>Urpilainen<\/strong>\u00a0declar\u00f3:\u00a0<em>\u00abLa Uni\u00f3n Europea y la OMS comparten la ambici\u00f3n com\u00fan de impulsar la capacidad de producci\u00f3n local y el acceso a medicamentos y vacunas de calidad, seguros y eficaces y, sobre todo, asequibles. En el marco de la iniciativa \u00abEquipo Europa\u00bb para la fabricaci\u00f3n local en \u00c1frica,<\/em>\u00a0<em>el Dr. Tedros y yo acordamos intensificar el apoyo a nuestros socios africanos a la hora de abordar algunos de los principales obst\u00e1culos en materia de acceso y disponibilidad, con proyectos concretos financiados con al menos 24,5 millones de euros con cargo al presupuesto de la UE. Juntos, estamos reforzando las<\/em>\u00a0<em>bases de unos sistemas sanitarios resilientes, la cobertura sanitaria universal y la seguridad sanitaria ahora y con vistas al futuro\u00bb.<\/em><\/p>\n<p>La asociaci\u00f3n UE-OMS ayudar\u00e1 a la Uni\u00f3n Africana a alcanzar su objetivo de aumentar la producci\u00f3n local de vacunas en \u00c1frica y para \u00c1frica. Tambi\u00e9n apoyar\u00e1 la consecuci\u00f3n de los objetivos de la Uni\u00f3n Africana en \u00e1mbitos como el empleo y el crecimiento, el comercio y la cooperaci\u00f3n cient\u00edfica.<\/p>\n<p>La contribuci\u00f3n financiera de 24,5 millones de euros de la UE apoya tres categor\u00edas principales de acciones: refuerzo de la normativa (11,5 millones de euros), transferencia de tecnolog\u00eda (12 millones de euros) y consolidaci\u00f3n de la demanda y compras estrat\u00e9gicas (1 mill\u00f3n de euros).<\/p>\n<p><strong>Transferencia tecnol\u00f3gica<\/strong>: La OMS facilita la transferencia de tecnolog\u00eda para la producci\u00f3n local en el \u00c1frica subsahariana, en estrecha cooperaci\u00f3n con las partes interesadas nacionales, continentales y mundiales (COVAX Manufacturing Task Force). La UE apoyar\u00e1 el centro de transferencia de tecnolog\u00eda ARNm en Sud\u00e1frica, la transferencia de tecnolog\u00eda en toda la regi\u00f3n y la formaci\u00f3n de la mano de obra. El apoyo total de la UE y de los Estados miembros al centro alcanza los 40 millones de euros.<\/p>\n<p><strong>Refuerzo de la normativa<\/strong>: La UE y la OMS apoyar\u00e1n a los socios africanos a nivel nacional, regional y continental, a la hora de reforzar las funciones y los marcos reguladores. Este apoyo forma parte de un paquete m\u00e1s amplio de apoyo al refuerzo de la normativa con el fin de crear un entorno propicio e innovador para la fabricaci\u00f3n local de vacunas, medicamentos y tecnolog\u00edas sanitarias. Tambi\u00e9n reforzar\u00e1 la iniciativa Africana de Armonizaci\u00f3n de la Reglamentaci\u00f3n de Medicamentos (AMRH, por sus siglas en ingl\u00e9s) y la Agencia Africana de Medicamentos.<\/p>\n<p><strong>Consolidaci\u00f3n de la demanda<\/strong>: La UE y la OMS ayudar\u00e1n a los l\u00edderes y comunidades africanos a desfragmentar la demanda y a prever mejor las necesidades, mejorando as\u00ed los mercados de productos b\u00e1sicos de producci\u00f3n local.<\/p>\n<p>La UE tambi\u00e9n fomenta su compromiso con la Oficina del Alto Comisionado de las Naciones Unidas para los Derechos Humanos (ACNUDH) en la promoci\u00f3n de los derechos humanos.<\/p>\n<p>Con ocasi\u00f3n de su misi\u00f3n a Ginebra, la comisaria\u00a0<strong>Urpilainen<\/strong>\u00a0tambi\u00e9n anunci\u00f3 un apoyo por valor de 14,4 millones de euros durante tres a\u00f1os (2022-2024) a la ACNUDH.<\/p>\n<p>Estos fondos apoyar\u00e1n el Plan de Gesti\u00f3n de la ACNUDH y formar\u00e1n parte de la contribuci\u00f3n de la UE al multilateralismo basado en normas.<\/p>\n<p>Las prioridades de la UE para la protecci\u00f3n y la promoci\u00f3n de los derechos humanos se exponen en el Plan de Acci\u00f3n de la UE para los Derechos Humanos y la Democracia 2020-2024 y se traducen en el nuevo programa tem\u00e1tico Derechos Humanos y Democracia adoptado en el marco de Europa Global.<\/p>\n<p>Los derechos humanos ocupan un lugar central en la pol\u00edtica exterior de la UE, y la ACNUDH es un actor clave y un socio privilegiado para la Uni\u00f3n a la hora de reforzar el multilateralismo basado en normas.<\/p>\n<p><strong>M\u00e1s informaci\u00f3n<\/strong><\/p>\n<p><a href=\"https:\/\/ec.europa.eu\/international-partnerships\/news\/eu1-billion-team-europe-initiative-manufacturing-and-access-vaccines-medicines-and-health_en\">Iniciativa por valor de 1\u00a0000\u00a0millones de euros del Equipo Europa sobre fabricaci\u00f3n y acceso a vacunas, medicamentos y tecnolog\u00edas sanitarias en \u00c1frica<\/a><\/p>\n<p><a href=\"https:\/\/ec.europa.eu\/international-partnerships\/news\/ahead-eu-au-summit-african-medicines-regulators-receive-boost-more-100-million-euros-team_en\">El Equipo Europa y la Fundaci\u00f3n Bill y Melinda Gates conceden un apoyo suplementario de m\u00e1s de 100 millones\u00a0de euros\u00a0a los reguladores africanos de medicamentos en v\u00edsperas de la Cumbre UE-UA<\/a><\/p>\n<p><a href=\"https:\/\/ec.europa.eu\/international-partnerships\/news\/strengthening-human-rights-and-democracy-world-eu-launches-eu15-billion-plan-promote-universal_en\">Reforzar los derechos humanos y la democracia en el mundo: La UE pone en marcha un plan de 1\u00a0500 millones de euros para promover los valores universales<\/a><\/p>\n<h2><\/h2>\n<h2>Personas de contacto para la prensa<\/h2>\n<h4>\u00b7\u00a0\u00a0\u00a0\u00a0\u00a0\u00a0\u00a0\u00a0 Ana PISONERO-HERNANDEZ<\/h4>\n<p><strong>Tel\u00e9fono<\/strong><\/p>\n<p>+32 2 295 43 20<\/p>\n<p><strong>Correo<\/strong><\/p>\n<p><a href=\"mailto:ana.pisonero-hernandez@ec.europa.eu\">ana.pisonero-hernandez@ec.europa.eu<\/a><\/p>\n<h4>\u00b7\u00a0\u00a0\u00a0\u00a0\u00a0\u00a0\u00a0\u00a0 Gesine KNOLLE<\/h4>\n<p><strong>Tel\u00e9fono<\/strong><\/p>\n<p>+32 2 295 43 23<\/p>\n<p><strong>Correo<\/strong><\/p>\n<p><a href=\"mailto:gesine.knolle@ec.europa.eu\">gesine.knolle@ec.europa.eu<\/a><\/p>\n<p>&nbsp;<\/p>\n<p>&nbsp;<\/p>\n<p>IP\/22\/1970<\/p>\n<p class=\"ng-scope\"><small class=\"ng-binding\"><strong class=\"ng-binding\">Photographer:<\/strong>\u00a0Claudio Centonze<\/small><\/p>\n<p>&nbsp;<\/p>\n<p class=\"ecl-paragraph ecl-paragraph--m ng-scope\"><strong class=\"ng-binding\">European Union, 2020<\/strong><br \/>\n<a class=\"ecl-link ng-binding\" href=\"https:\/\/audiovisual.ec.europa.eu\/en\/copyright\" target=\"_top\" rel=\"noopener\">Copyright<\/a><\/p>\n<p class=\"ecl-paragraph ecl-paragraph--m\"><strong class=\"ng-binding\">Source:<\/strong>\u00a0<span class=\"ng-binding\">EC &#8211; Audiovisual Service<\/span><\/p>\n<p>&nbsp;<\/p>\n","protected":false},"excerpt":{"rendered":"<p>Bruselas, 25 de marzo de 2022 Seg\u00fan anunciaron ayer en Ginebra Jutta\u00a0Urpilainen, comisaria de Asociaciones Internacionales, y Tedros Adhanom Ghebreyesus, director general de la OMS, la Comisi\u00f3n y la OMS est\u00e1n reforzando su asociaci\u00f3n para mejorar el acceso equitativo a&#8230;<\/p>\n","protected":false},"author":2,"featured_media":1015,"comment_status":"open","ping_status":"closed","sticky":false,"template":"","format":"standard","meta":{"_acf_changed":false,"footnotes":""},"categories":[3],"tags":[],"class_list":["post-1014","post","type-post","status-publish","format-standard","has-post-thumbnail","hentry","category-noticias"],"acf":[],"_links":{"self":[{"href":"https:\/\/maestrazgo.org\/EuropeDirect\/wp-json\/wp\/v2\/posts\/1014","targetHints":{"allow":["GET"]}}],"collection":[{"href":"https:\/\/maestrazgo.org\/EuropeDirect\/wp-json\/wp\/v2\/posts"}],"about":[{"href":"https:\/\/maestrazgo.org\/EuropeDirect\/wp-json\/wp\/v2\/types\/post"}],"author":[{"embeddable":true,"href":"https:\/\/maestrazgo.org\/EuropeDirect\/wp-json\/wp\/v2\/users\/2"}],"replies":[{"embeddable":true,"href":"https:\/\/maestrazgo.org\/EuropeDirect\/wp-json\/wp\/v2\/comments?post=1014"}],"version-history":[{"count":1,"href":"https:\/\/maestrazgo.org\/EuropeDirect\/wp-json\/wp\/v2\/posts\/1014\/revisions"}],"predecessor-version":[{"id":1016,"href":"https:\/\/maestrazgo.org\/EuropeDirect\/wp-json\/wp\/v2\/posts\/1014\/revisions\/1016"}],"wp:featuredmedia":[{"embeddable":true,"href":"https:\/\/maestrazgo.org\/EuropeDirect\/wp-json\/wp\/v2\/media\/1015"}],"wp:attachment":[{"href":"https:\/\/maestrazgo.org\/EuropeDirect\/wp-json\/wp\/v2\/media?parent=1014"}],"wp:term":[{"taxonomy":"category","embeddable":true,"href":"https:\/\/maestrazgo.org\/EuropeDirect\/wp-json\/wp\/v2\/categories?post=1014"},{"taxonomy":"post_tag","embeddable":true,"href":"https:\/\/maestrazgo.org\/EuropeDirect\/wp-json\/wp\/v2\/tags?post=1014"}],"curies":[{"name":"wp","href":"https:\/\/api.w.org\/{rel}","templated":true}]}}